{"id":9704,"date":"2020-10-12T01:28:14","date_gmt":"2020-10-12T01:28:14","guid":{"rendered":"http:\/\/diariodeunaantropologa.com\/www\/?p=9704"},"modified":"2020-10-03T05:17:29","modified_gmt":"2020-10-03T05:17:29","slug":"rencontre-territoriale-cnfpt-44","status":"publish","type":"post","link":"http:\/\/diariodeunaantropologa.com\/www\/2020\/10\/12\/rencontre-territoriale-cnfpt-44\/","title":{"rendered":"Rencontre Territoriale Cnfpt 44"},"content":{"rendered":"<p>En Ile-de-France : un R\u00e9seau Egalit\u00e9 est lanc\u00e9.. Cette lettre dinformation est envoy\u00e9e, le jeudi, tous les quinze jours. Une infographie anim\u00e9e qui sintitule Quest-ce-que la Fonction Publique Territoriale? a \u00e9t\u00e9 r\u00e9alis\u00e9e par le Centre de Gestion de Loire-Atlantique. Elle est destin\u00e9e au grand public qui d\u00e9couvre la Fonction Publique Territoriale ou aux collectivit\u00e9s qui souhaitent expliquer tr\u00e8s simplement le fonctionnement de nos collectivit\u00e9s Sylvie.redoncdg63.fr ou laurence.guilleviccdg63.fr  fichier d\u00e9tail-\u00eelot a \u00e9t\u00e9 supprim\u00e9 et de nouveaux \u00c9diteur de r\u00e9f\u00e9rence des infrastructures pour la mobilit\u00e9 depuis 1926 Vous \u00eates ici Village des collectivit\u00e9s territoriales-1 avenue de Tiz\u00e9 CS 13600-35236 Thorign\u00e9-Fouillard cedex Comme pour lensemble de loffre, les formations se composent d\u00e9sormais de sessions en pr\u00e9sentiel et de modules de formation \u00e0 distance webinaires, MOOC, E-communaut\u00e9s, etc. Relations internationales Arr\u00eat\u00e9 douverture de lexamen professionnel davancement au grade dAssistant denseignement artistique principal de 1\u00e8re classe session 2020 <img decoding=\"async\" src=\"http:\/\/www.cnfpt.fr\/sites\/default\/files\/images\/manifestation\/field_visuel_manifest\/1527517535\/cnfpt001907_a4.jpg\" alt=\"rencontre territoriale cnfpt 44\" align=\"center\"> <img decoding=\"async\" src=\"http:\/\/lejournaldemayotte.com\/wp-content\/uploads\/2013\/11\/P1040675.jpg\" alt=\"rencontre territoriale cnfpt 44\" align=\"center\"> Si le plafond de d\u00e9penses consacr\u00e9es \u00e0 la formation des \u00e9lus \u00e9gal \u00e0 20 des indemnit\u00e9s de fonction pouvant \u00eatre vers\u00e9es aux \u00e9lus de la commune nest pas encore d\u00e9pass\u00e9, alors les frais de formation des \u00e9lus constituent une d\u00e9pense obligatoire pour la commune article L.2 321-2, 3 du Code g\u00e9n\u00e9ral des collectivit\u00e9s territoriales. Dans son rapport Propositions en faveur de lemploi, au regard de Pour m\u00e9moire, une commission mixte paritaire charg\u00e9e de proposer un texte sur les dispositions restant en discussion du projet de loi de transformation de la fonction publique sest r\u00e9unie au S\u00e9nat le 4 juillet 2019 et a trouv\u00e9 un accord. Le CDG63 vous remercie de bien vouloir porter ces informations \u00e0 la connaissance des agents plac\u00e9s sous votre responsabilit\u00e9, et reste \u00e0 votre disposition pour tout renseignement compl\u00e9mentaire. 2020 Centre national de la fonction publique territoriale-80, Cette journ\u00e9e a rencontr\u00e9 un vif succ\u00e8s avec plus de 230 participants \u00e9lus, directeurs g\u00e9n\u00e9raux, agents charg\u00e9s des ressources humaines venus de lensemble de la Nouvelle r\u00e9gion. Les fiches d\u00e9taillant les montants des indemnit\u00e9s des \u00e9lus pr\u00e9sidents et vice-pr\u00e9sidents dEPCI, maires, adjoints et membres de d\u00e9l\u00e9gations sp\u00e9ciales faisant fonction dadjoint ont \u00e9t\u00e9 actualis\u00e9es et sont \u00e0 votre disposition. <img decoding=\"async\" src=\"http:\/\/www.maisondescommunes85.fr\/media\/169__045360000_0925_03032017.jpg\" alt=\"rencontre territoriale cnfpt 44\" align=\"center\"> You can email the site owner to let them know you were blocked. Please include what you were doing when this page came up and the Cloudflare Ray ID found at the bottom of this page. Population? Quelle place pour les agents recenseurs? La participation des \u00c9tablissements Publics de Coop\u00e9ration Intercommunale EPCI dans la collecte du RRP est-elle envisageable? Le pr\u00e9l\u00e8vement \u00e0 la source de limp\u00f4t sur le revenu entrera en vigueur le 1er janvier 2019. Apr\u00e8s avoir rappel\u00e9 les \u00e9l\u00e9ments structurants de cette importante r\u00e9forme, linstruction pr\u00e9sente les actions et les diff\u00e9rentes \u00e9tapes que devront suivre les collectivit\u00e9s territoriales, leurs \u00e9tablissements publics et les \u00e9tablissements publics de sant\u00e9 pour la pr\u00e9parer au mieux en 2018 et enfin, les mo.. Conseil R\u00e9gional dIle de France Comment suivre et pr\u00e9voir loffre lassociation Habitat et humanisme et le Plan urbanisme construction DG CLIMA-B-3_B Aviation et transport maritime : r\u00e9duction des gaz \u00e0 effet de s..  les acteurs de cette lutte en relation. Ainsi, la R\u00e9gion propose aux  Charg\u00e9 de mission Capitalisation des exp\u00e9riences en sant\u00e9 publique.<\/p>\n","protected":false},"excerpt":{"rendered":"<p>rencontre territoriale cnfpt 44<\/p>\n","protected":false},"author":1,"featured_media":0,"comment_status":"closed","ping_status":"closed","sticky":false,"template":"","format":"standard","meta":{"footnotes":""},"categories":[1],"tags":[],"_links":{"self":[{"href":"http:\/\/diariodeunaantropologa.com\/www\/wp-json\/wp\/v2\/posts\/9704"}],"collection":[{"href":"http:\/\/diariodeunaantropologa.com\/www\/wp-json\/wp\/v2\/posts"}],"about":[{"href":"http:\/\/diariodeunaantropologa.com\/www\/wp-json\/wp\/v2\/types\/post"}],"author":[{"embeddable":true,"href":"http:\/\/diariodeunaantropologa.com\/www\/wp-json\/wp\/v2\/users\/1"}],"replies":[{"embeddable":true,"href":"http:\/\/diariodeunaantropologa.com\/www\/wp-json\/wp\/v2\/comments?post=9704"}],"version-history":[{"count":1,"href":"http:\/\/diariodeunaantropologa.com\/www\/wp-json\/wp\/v2\/posts\/9704\/revisions"}],"predecessor-version":[{"id":9705,"href":"http:\/\/diariodeunaantropologa.com\/www\/wp-json\/wp\/v2\/posts\/9704\/revisions\/9705"}],"wp:attachment":[{"href":"http:\/\/diariodeunaantropologa.com\/www\/wp-json\/wp\/v2\/media?parent=9704"}],"wp:term":[{"taxonomy":"category","embeddable":true,"href":"http:\/\/diariodeunaantropologa.com\/www\/wp-json\/wp\/v2\/categories?post=9704"},{"taxonomy":"post_tag","embeddable":true,"href":"http:\/\/diariodeunaantropologa.com\/www\/wp-json\/wp\/v2\/tags?post=9704"}],"curies":[{"name":"wp","href":"https:\/\/api.w.org\/{rel}","templated":true}]}}