{"id":9532,"date":"2020-10-11T02:34:11","date_gmt":"2020-10-11T02:34:11","guid":{"rendered":"http:\/\/diariodeunaantropologa.com\/www\/?p=9532"},"modified":"2020-10-02T23:51:33","modified_gmt":"2020-10-02T23:51:33","slug":"samuel-mercier-la-mauvaise-rencontre","status":"publish","type":"post","link":"http:\/\/diariodeunaantropologa.com\/www\/2020\/10\/11\/samuel-mercier-la-mauvaise-rencontre\/","title":{"rendered":"Samuel Mercier La Mauvaise Rencontre"},"content":{"rendered":"<p>Plusieurs g\u00e9n\u00e9rations, et ont fait la r\u00e9putation et la r\u00e9ussite de lentreprise. On est un petit milieu \u00e0 Sherbrooke. On se connait et on se tient. Ils sont clients chez nous et nous, on est clients chez eux. Je leur souhaite le meilleur, mentionne M MacAulay-Bruneau.  <img decoding=\"async\" src=\"http:\/\/static.hitek.fr\/img\/actualite\/2016\/12\/15\/w_harry5.jpg\" alt=\"samuel mercier la mauvaise rencontre\" align=\"center\"> Elle est la dimension principale de la formalisation   Pour le commerce, il y a peut-\u00eatre d\u00e9normes changements \u00e0 venir. Jai fait livrer mon \u00e9picerie quelques fois. Je navais jamais fait \u00e7a avant. Le commerce \u00e9lectronique a explos\u00e9. Tout cela, cest des d\u00e9fis \u00e9normes qui devront \u00eatre surmont\u00e9s. <img decoding=\"async\" src=\"http:\/\/themontrealfashionsociety.com\/wp-content\/uploads\/ste-cath-594x334.jpg\" alt=\"samuel mercier la mauvaise rencontre\" align=\"right\"> Pour M. Jalbert, il sagit dun probl\u00e8me majeur qui, assure-t-il, nuira \u00e0 sa client\u00e8le et \u00e0 la fluidit\u00e9 de la circulation dans le secteur. Nous avons entendu parler du projet par La Tribune. Personne ne nous avait avis\u00e9s. Je suis ici depuis 35 ans, je crois \u00e0 la s\u00e9curit\u00e9 des automobilistes et \u00e0 la mobilit\u00e9 durable et il faut refaire la rue Galt Ouest. Mais les deux tiers de notre stationnement sont souterrains et on emp\u00eachera les gens de tourner \u00e0 gauche pour y acc\u00e9der ou pour en sortir. \u00c7a veut dire que plusieurs de nos clients devront faire des virages en U. La conseill\u00e8re \u00c9velyne Beaudin en est une autre qui a envoy\u00e9 des mots dencouragement \u00e0 son coll\u00e8gue. L\u00e9quilibre entre vie personnelle et vie professionnelle est d\u00e9j\u00e0 un d\u00e9fi pour une personne seule en politique, nul doute que ce d\u00e9fi est d\u00e9cupl\u00e9 avec des enfants en bas \u00e2ge. Comme tu mas d\u00e9j\u00e0 dit.. La politique est l\u00e0 un certain temps dans nos vies, mais la famille est l\u00e0 pour toujours, et rien nest plus pr\u00e9cieux que le bien-\u00eatre et la sant\u00e9. Il pr\u00e9sente dabord les enjeux de l\u00e9thique en entreprise ; lint\u00e9gration Aucune \u00e9tude na \u00e9t\u00e9 lanc\u00e9e pour \u00e9tudier la possibilit\u00e9 dajouter un trottoir sur la rue Charlevoix. Les travaux \u00e0 faire sur la rue Fortier ont \u00e9t\u00e9 ajust\u00e9s pour \u00e9viter de gruger trop de terrain chez les citoyens. Mercier est ma\u00eetre de conf\u00e9rence \u00e0 lIAE de Dijon universit\u00e9 de On assiste \u00e0 un changement significatif dans les valeurs Cest vrai que les taux obligataires sont tr\u00e8s bas. Ce qui fait que les gens se tournent vers les bourses. Mais il y a une diff\u00e9rence entre la reprise des march\u00e9s boursiers et la reprise de l\u00e9conomie Il ny a eu quune poign\u00e9e de nouvelles personnes infect\u00e9es \u00e0 la COVID-19 en Estrie durant la derni\u00e8re semaine. LEstrie est une r\u00e9gion qui va tr\u00e8s bien. La premi\u00e8re vague est derri\u00e8re nous, assure le directeur de la Sant\u00e9 publique de lEstrie le Dr Alain Poirier. Mais ce nest pas une raison pour baisser la garde. Il faut demeurer tr\u00e8s prudent. Le virus nest pas disparu. Il est encore l\u00e0, parmi nous, ajoute-t-il. Cherche donc \u00e0 pr\u00e9ciser le contrat psychologique qui unit employeur et Geoff Keelan, Journal of the Canadian Historical Association Revue de la Soci\u00e9t\u00e9 historique du Canada, volume 22, num\u00e9ro 1, 2011, p. 99-132 <img decoding=\"async\" src=\"http:\/\/agenda.germainpire.info\/img\/2010\/20101117_Quentin_Page.gif\" alt=\"samuel mercier la mauvaise rencontre\" align=\"center\"> La Ville de Sherbrooke a pris acte aujourdhui de la d\u00e9cision du promoteur de ne pas revenir sur lentente de 2014. Les services municipaux et le promoteur pourront donc aller de lavant avec les dispositions de d\u00e9veloppement pr\u00e9vues au moment de la signature de lentente, lit-on dans la publication de la Ville. Malgr\u00e9 toutes les avanc\u00e9es technologiques des derni\u00e8res ann\u00e9es, les accidents de la route demeurent malheureusement in\u00e9vitables. Parmi les d\u00e9c\u00e8s r\u00e9pertori\u00e9s sur les routes, les petits v\u00e9hicules continuent d\u00eatre surrepr\u00e9sent\u00e9s. Les constructeurs ont beau les rendre plus s\u00e9curitaires avec une panoplie de coussins gonflables et daides \u00e0 la conduite, leur taille.<\/p>\n","protected":false},"excerpt":{"rendered":"<p>samuel mercier la mauvaise rencontre<\/p>\n","protected":false},"author":1,"featured_media":0,"comment_status":"closed","ping_status":"closed","sticky":false,"template":"","format":"standard","meta":{"footnotes":""},"categories":[1],"tags":[],"_links":{"self":[{"href":"http:\/\/diariodeunaantropologa.com\/www\/wp-json\/wp\/v2\/posts\/9532"}],"collection":[{"href":"http:\/\/diariodeunaantropologa.com\/www\/wp-json\/wp\/v2\/posts"}],"about":[{"href":"http:\/\/diariodeunaantropologa.com\/www\/wp-json\/wp\/v2\/types\/post"}],"author":[{"embeddable":true,"href":"http:\/\/diariodeunaantropologa.com\/www\/wp-json\/wp\/v2\/users\/1"}],"replies":[{"embeddable":true,"href":"http:\/\/diariodeunaantropologa.com\/www\/wp-json\/wp\/v2\/comments?post=9532"}],"version-history":[{"count":1,"href":"http:\/\/diariodeunaantropologa.com\/www\/wp-json\/wp\/v2\/posts\/9532\/revisions"}],"predecessor-version":[{"id":9533,"href":"http:\/\/diariodeunaantropologa.com\/www\/wp-json\/wp\/v2\/posts\/9532\/revisions\/9533"}],"wp:attachment":[{"href":"http:\/\/diariodeunaantropologa.com\/www\/wp-json\/wp\/v2\/media?parent=9532"}],"wp:term":[{"taxonomy":"category","embeddable":true,"href":"http:\/\/diariodeunaantropologa.com\/www\/wp-json\/wp\/v2\/categories?post=9532"},{"taxonomy":"post_tag","embeddable":true,"href":"http:\/\/diariodeunaantropologa.com\/www\/wp-json\/wp\/v2\/tags?post=9532"}],"curies":[{"name":"wp","href":"https:\/\/api.w.org\/{rel}","templated":true}]}}