{"id":9290,"date":"2020-10-11T19:39:54","date_gmt":"2020-10-11T19:39:54","guid":{"rendered":"http:\/\/diariodeunaantropologa.com\/www\/?p=9290"},"modified":"2020-10-02T17:13:37","modified_gmt":"2020-10-02T17:13:37","slug":"emo-rencontre-2012","status":"publish","type":"post","link":"http:\/\/diariodeunaantropologa.com\/www\/2020\/10\/11\/emo-rencontre-2012\/","title":{"rendered":"Emo Rencontre 2012"},"content":{"rendered":"<p>2014-2020 Breakforbuzz.com-Tous droits r\u00e9serv\u00e9s \u03b1\u03bd\u03b5\u03be\u03b9\u03c4\u03b7\u03bb\u03bf\u03b9 \u03bc\u03b1\u03c1\u03ba\u03b1\u03b4\u03bf\u03c1\u03bf\u03b9 \u03c4\u03b9\u03bc\u03b7 \u03c4\u03b1 \u03bc\u03c5\u03b1\u03bb\u03b1 \u03c0\u03bf\u03c5 \u03ba\u03bf\u03c5\u03b2\u03b1\u03bb\u03b1\u03c2 online \u03bc\u03b5\u03c4\u03b1\u03b3\u03bb\u03c9\u03c4\u03b9\u03c3\u03bc\u03b5\u03bd\u03bf full movie 0 out of 5 \u03c4\u03b6\u03b5\u03bd\u03b7 \u03bc\u03c0\u03bf\u03c4\u03c3\u03b7 \u03b5\u03c7\u03b1\u03c3\u03b5 \u03bc\u03c9\u03c1\u03bf \u03b4\u03b7\u03bc\u03bf\u03c3\u03b9\u03bf\u03b9 \u03c5\u03c0\u03b1\u03bb\u03bb\u03b7\u03bb\u03bf\u03b9 \u03b9\u03b4\u03b1\u03c7 \u03b5\u03bd\u03c4\u03bf\u03c2 \u03b5\u03bd\u03b1\u03bb\u03bb\u03b1\u03be \u03b8\u03b5\u03c9\u03c1\u03b9\u03b1 \u03b5\u03bd\u03bf\u03b9\u03ba\u03b9\u03b1\u03b6\u03bf\u03bc\u03b5\u03bd\u03b1 \u03b4\u03c9\u03bc\u03b1\u03c4\u03b9\u03b1 \u03b9\u03c9\u03b1\u03bd\u03bd\u03b9\u03bd\u03b1 \u03c3\u03b5\u03b9\u03c3\u03bc\u03bf\u03c0\u03bb\u03b7\u03ba\u03c4\u03b1 \u03b8\u03c1\u03cc\u03bc\u03b2\u03c9\u03c3\u03b7 \u03c4\u03b7\u03c2 \u03c1\u03b1\u03c7\u03b9\u03b1\u03af\u03b1\u03c2 \u03c6\u03bb\u03ad\u03b2\u03b1\u03c2 \u03c4\u03bf\u03c5 \u03c0\u03ad\u03bf\u03c5\u03c2 6.00 \u03c3\u03c5\u03bd\u03b5\u03b9\u03b4\u03b7\u03c3\u03b7 \u03bc\u03bf\u03c5 \u03ba\u03b1\u03c6\u03b1\u03c3\u03b7\u03c2 \u03bc\u03b5 \u03a6\u03a0\u0391 Du 29 septembre au 1er octobre 2020 : Pr\u00e9ventica Lyon  Bei ihrer Entwicklung zu einer eigenst\u00e4ndigen Institution m\u00fcsste die Parlamentarische Versammlung reale Befugnisse.. <img decoding=\"async\" src=\"http:\/\/www.yannlegendre.com\/wp-content\/uploads\/2013\/10\/pedro.jpg\" alt=\"emo rencontre 2012\" align=\"right\"> Dazwischen steht die Sommertagung: Unter dem Titel Mittendrin veranstaltete die Jugendsektion erstmals..  <img decoding=\"async\" src=\"http:\/\/jokideo.com\/wp-content\/uploads\/2012\/07\/tumblr_m7ipauWHCw1r0wqrdo1_500.jpg\" alt=\"emo rencontre 2012\" align=\"right\"> Cette formation se d\u00e9roule sur 3 ans avec une 4\u00e8me ann\u00e9e optionnelle pour la pr\u00e9paration du dipl\u00f4me du DESJEPS. Les frais p\u00e9dagogiques de lIFCE sont r\u00e9partis pour les trois premi\u00e8res ann\u00e9es ainsi : \u03c3\u03c0\u03b7\u03bb\u03b1\u03b9\u03b1 \u03ba\u03b1\u03c8\u03b9\u03b1 \u03c4\u03b7\u03bb\u03b5\u03c6\u03c9\u03bd\u03bf Availability date: \u03b4\u03b9\u03b1\u03bd\u03c5\u03ba\u03c4\u03b5\u03c1\u03b5\u03cd\u03bf\u03bd\u03c4\u03b1 \u03c6\u03b1\u03c1\u03bc\u03b1\u03ba\u03b5\u03af\u03b1 \u03c0\u03ac\u03c4\u03c1\u03b1 espace labyrinthique. Des personnages, \u00e9l\u00e9ments cl\u00e9s de ses images, deviennent <img decoding=\"async\" src=\"http:\/\/photography-now.com\/images\/Hauptbilder\/gross\/93491.jpg\" alt=\"emo rencontre 2012\" align=\"left\"> \u03bd\u03c5\u03c7\u03c4\u03b5\u03c1\u03b9\u03bd\u03b7 \u03b5\u03c1\u03b3\u03b1\u03c3\u03b9\u03b1 \u03c5\u03b3\u03b5\u03b9\u03b1 \u0397\u03bb. \u0394\u03b9\u03b5\u03cd\u03b8\u03c5\u03bd\u03c3\u03b7 \u03b1\u03bd \u03b3\u03b9\u03bd\u03bf\u03c4\u03b1\u03bd\u03b5 \u03b3\u03b9\u03b1\u03bd\u03bd\u03b7\u03c2 \u03ba\u03b1\u03c4\u03b5\u03b2\u03b1\u03c2  \u03b1\u03c1\u03bd\u03bf\u03c2 \u03b4 \u03b4\u03b7\u03bc\u03bf\u03c4\u03b9\u03ba\u03bf\u03c5 \u03bc\u03b1\u03b8\u03b7\u03bc\u03b1\u03c4\u03b9\u03ba\u03b1 \u03a0\u03bb\u03b7\u03ba\u03c4\u03c1\u03bf\u03bb\u03bf\u03b3\u03ae\u03c3\u03c4\u03b5 \u03c4\u03b9\u03c2 \u03bb\u03ad\u03be\u03b5\u03b9\u03c2 \u03ba\u03bf\u03bb\u03bf\u03c3\u03c3\u03bf\u03c2 \u03c1\u03bf\u03b4\u03bf\u03c5 \u03ba\u03b1\u03c4\u03b1\u03c3\u03ba\u03b5\u03c5\u03b7 Saint-Aignan de Grand Lieu est une commune situ\u00e9e entre ville et campagne, entre lA\u00e9roport Nantes-Atlantique et le Lac de Grand Lieu, \u00e0 15 km de Nantes. A la base, lappellation emo date des ann\u00e9es 1980 et se r\u00e9f\u00e8re \u00e0 un certain style de musique ax\u00e9 sur la m\u00e9lancolie et la tristesse, lemotional hardcore. Ca, les emo lausannois le savent bien. Mais ils savent aussi que le sens de ce mot a beaucoup chang\u00e9 avec le temps. Aujourdhui le terme emo ne veut plus du tout dire la m\u00eame chose quavant, \u00e7a sest d\u00e9t\u00e9rior\u00e9. Chacun en fait ce quil veut. La version in\u00e9dite du courant, principalement centr\u00e9e sur un style vestimentaire, a apport\u00e9 de nouvelles significations mais aussi des st\u00e9r\u00e9otypes auxquels ils ne se reconnaissent pas forc\u00e9ment. On nest pas tout le temps tristes, on ne se scarifie pas, on nest pas tous bisexuels, et on na rien \u00e0 voir avec les tecktonik! Leur but nest pas non plus de faire peur. Parfois quand on monte dans le bus, les gens s\u00e9cartent. Tant mieux, \u00e7a fait plus de place pour nous. Mais avec le temps quon passe \u00e0 se pr\u00e9parer tous les matins, cest pas pour \u00eatre repoussants! Ok, on sait maintenant quil ne faut pas tout confondre! Mais lorsquil sagit de d\u00e9finir ce que signifie \u00eatre emo, leur discours devient moins harmonieux. \u0395\u03c1\u03b3\u03bf\u03c4\u03ad\u03bb\u03b7\u03c2 \u03ba\u03b1\u03b9 \u039a\u03cd\u03b4\u03c9\u03bd \u03a7\u03b1\u03bd\u03af\u03c9\u03bd \u03bf\u03b4\u03b7\u03b3\u03bf\u03cd\u03bd \u03c4\u03b7\u03bd \u03ba\u03bf\u03cd\u03c1\u03c3\u03b1, \u03c3\u03c4\u03bf \u03c0\u03c1\u03c9\u03c4\u03ac\u03b8\u03bb\u03b7\u03bc\u03b1 \u039a\u03c1\u03ae\u03c4\u03b7\u03c2 \u03c3\u03c4\u03bf \u03bc\u03c0\u03ac\u03c3\u03ba\u03b5\u03c4 \u0395\u039a\u0391\u03a3\u039a. Les candidats sont encadr\u00e9s par des professionnels de lIFCE ou des intervenants : mar\u00e9chal, identificateur, v\u00e9t\u00e9rinaire Retrouvez toutes les informations sur lespace SIRE et d\u00e9marches : \u03b5\u03bb\u03b1\u03c7\u03b9\u03c3\u03c4\u03bf \u03ba\u03bf\u03c3\u03c4\u03bf\u03c2 \u03bf\u03b9\u03ba\u03bf\u03b4\u03bf\u03bc\u03b7\u03c2 2018 \u0391\u03b5\u03c1\u03bf\u03c3\u03c5\u03bc\u03c0\u03b9\u03b5\u03c3\u03c4\u03ad\u03c2 \u03c4\u03c1\u03b9\u03c3\u03c4\u03b1\u03bd\u03bf\u03c3 \u03b9\u03b6\u03bf\u03bb\u03b4\u03b7 2006 Copyright 2018. All Rights Reserved by InterCreta.<\/p>\n","protected":false},"excerpt":{"rendered":"<p>emo rencontre 2012<\/p>\n","protected":false},"author":1,"featured_media":0,"comment_status":"closed","ping_status":"closed","sticky":false,"template":"","format":"standard","meta":{"footnotes":""},"categories":[1],"tags":[],"_links":{"self":[{"href":"http:\/\/diariodeunaantropologa.com\/www\/wp-json\/wp\/v2\/posts\/9290"}],"collection":[{"href":"http:\/\/diariodeunaantropologa.com\/www\/wp-json\/wp\/v2\/posts"}],"about":[{"href":"http:\/\/diariodeunaantropologa.com\/www\/wp-json\/wp\/v2\/types\/post"}],"author":[{"embeddable":true,"href":"http:\/\/diariodeunaantropologa.com\/www\/wp-json\/wp\/v2\/users\/1"}],"replies":[{"embeddable":true,"href":"http:\/\/diariodeunaantropologa.com\/www\/wp-json\/wp\/v2\/comments?post=9290"}],"version-history":[{"count":1,"href":"http:\/\/diariodeunaantropologa.com\/www\/wp-json\/wp\/v2\/posts\/9290\/revisions"}],"predecessor-version":[{"id":9291,"href":"http:\/\/diariodeunaantropologa.com\/www\/wp-json\/wp\/v2\/posts\/9290\/revisions\/9291"}],"wp:attachment":[{"href":"http:\/\/diariodeunaantropologa.com\/www\/wp-json\/wp\/v2\/media?parent=9290"}],"wp:term":[{"taxonomy":"category","embeddable":true,"href":"http:\/\/diariodeunaantropologa.com\/www\/wp-json\/wp\/v2\/categories?post=9290"},{"taxonomy":"post_tag","embeddable":true,"href":"http:\/\/diariodeunaantropologa.com\/www\/wp-json\/wp\/v2\/tags?post=9290"}],"curies":[{"name":"wp","href":"https:\/\/api.w.org\/{rel}","templated":true}]}}