{"id":9260,"date":"2020-10-11T21:26:29","date_gmt":"2020-10-11T21:26:29","guid":{"rendered":"http:\/\/diariodeunaantropologa.com\/www\/?p=9260"},"modified":"2020-10-02T16:23:16","modified_gmt":"2020-10-02T16:23:16","slug":"lieu-de-rencontre-cote-basque","status":"publish","type":"post","link":"http:\/\/diariodeunaantropologa.com\/www\/2020\/10\/11\/lieu-de-rencontre-cote-basque\/","title":{"rendered":"Lieu De Rencontre Cote Basque"},"content":{"rendered":"<p>Accueil Club Ev\u00e9nements Forum Galeries photos Boutique Partenaires Newletter Livre d or Le petit-d\u00e9jeuner et les repas sont servis en chambre pour plus de confort. R\u00e9sident de la C\u00f4te Basque, du Pays Basque ou du sud des Landes, vous souhaitez b\u00e9n\u00e9ficier du sport sur ordonnance?  <img decoding=\"async\" src=\"http:\/\/cotebasquesportsante.fr\/wp-content\/uploads\/2018\/04\/PROGRAMME-RDV-MAI-JUIN-2018.jpg\" alt=\"lieu de rencontre cote basque\" align=\"right\"> <img decoding=\"async\" src=\"http:\/\/www.lekkarod.com\/wp-content\/uploads\/2018\/03\/ENEKO-1-221x300.jpg\" alt=\"lieu de rencontre cote basque\" align=\"right\"> Les clubs de rencontre et de loisirs pour c\u00e9libataires sur Paris, Lyon, Alsace, Bien au-del\u00e0 dun blog cest notre passion que nous voulons partager, la gastronomie bien s\u00fbr, mais ce qui est encore plus passionnant cest lunivers qui lentoure. Votre adresse de messagerie ne sera pas publi\u00e9e. Les champs obligatoires sont indiqu\u00e9s avec <img decoding=\"async\" src=\"http:\/\/www.kianma.gq\/wp-content\/uploads\/2016\/06\/2006-11-affiche-%C3%A9lections-1024x700.jpg\" alt=\"lieu de rencontre cote basque\" align=\"right\"> Situ\u00e9e au nord de Nantes, sur laxe Nantes-Saint-Nazaire, Sautron est entour\u00e9e au nord de Vigneux de Bretagne, au nord-est dOrvault, \u00e0 lest de Saint-Herblain. The International Paralympic Committee has granted IWBF an extension to the deadline to complete the first phase of the eligibility reassessment of athletes due.. To challenges caused by the COVID-19 pandemic. Il existe une communaut\u00e9 basque aux pr\u00e8s de 100 000 personnes, essentiellement regroup\u00e9e dans les \u00c9tats de la, le et l. La ville d dans l\u00c9tat du organise chaque mois de juillet un festival basque National Basque Festival avec des danses traditionnelles, des sp\u00e9cialit\u00e9s culinaires, des courses de taureaux et des \u00e9preuves de force. Dautres festivals tel que celui de dans lIdaho sont \u00e9galement r\u00e9put\u00e9s. Il existe aussi une f\u00eate basque \u00e0, car des familles de p\u00eacheurs basques sont venues sy \u00e9tablir.  Incentive, repas de groupes, team building.. \u00c0 Saint-Jean-de-Luz, pays Basque. En programme libre ou enti\u00e8rement organis\u00e9e, le Chantaco permet la r\u00e9ception de groupes dans un cadre et un environnement de tout premier plan. Saint-P\u00e9e-sur-Nivelle Randonn\u00e9e, baignade, balade.. Le village au coeur de la nature! Le R\u00e9seau fran\u00e7ais sur lentente de voix REV France sinscrit dans le Mouvement international sur lentente de voix qui est repr\u00e9sent\u00e9 par une vingtaine de r\u00e9seaux nationaux de par le monde. Son objectif est de promouvoir une approche des voix et des autres perceptions, exp\u00e9riences ou v\u00e9cus inhabituels, respectueuse des personnes et de leur expertise. NAIZen parte hartu ahal izateko albisteen iruzkinak, iritzi artikuluak, eztabaida foroak, Naiz, agenda eta abar erabiltzaileak Lege Ohar hau onartuta izan behar du, ondoko parte hartze arauak barne: Le Parlement de la adopte la date du 25 octobre comme Jour du Pays basque Euskadi Eguna ou D\u00eda de Euskadi, comm\u00e9morant ainsi le approuv\u00e9 par r\u00e9f\u00e9rendum le. Ce premier sera f\u00eat\u00e9 en 2011. En effet, le Maire Kotte Ecenarro avait convi\u00e9 les diff\u00e9rents protagonistes \u00e0 venir expliquer lorganisation du contre sommet \u00e0 lensemble des \u00e9lus municipaux. Enaut Aramendi Syndicat LAB, Christine Andrieux Syndicat SOLIDAIRES, Thomas Sommer-Haudeville ATTAC, Simon Playout CRID et Solange Bartelemy CCFD Terre Solidaire ont pris place autour de la table du Conseil et ont r\u00e9pondu aux questions des \u00e9lus. Ce qui a \u00e9t\u00e9 act\u00e9 Larr\u00eat Place des Basques permet en outre de faire la liaison avec les Cars Express. Du 2 au 5 Novembre 2020 : Congr\u00e8s de m\u00e9decine et sant\u00e9 au travail \u00e0 Strasbourg  1 rue du Bois Belin quartier des 5 Cantons 64600 Anglet NAIZi aplikagarria zaion legea bere enpresa argitaratzaileak duen egoitzari dagokiona da, Donostia alegia, eta lege auzibideak baleude bertako epaitegietan ebatziko dira.<\/p>\n","protected":false},"excerpt":{"rendered":"<p>lieu de rencontre cote basque<\/p>\n","protected":false},"author":1,"featured_media":0,"comment_status":"closed","ping_status":"closed","sticky":false,"template":"","format":"standard","meta":{"footnotes":""},"categories":[1],"tags":[],"_links":{"self":[{"href":"http:\/\/diariodeunaantropologa.com\/www\/wp-json\/wp\/v2\/posts\/9260"}],"collection":[{"href":"http:\/\/diariodeunaantropologa.com\/www\/wp-json\/wp\/v2\/posts"}],"about":[{"href":"http:\/\/diariodeunaantropologa.com\/www\/wp-json\/wp\/v2\/types\/post"}],"author":[{"embeddable":true,"href":"http:\/\/diariodeunaantropologa.com\/www\/wp-json\/wp\/v2\/users\/1"}],"replies":[{"embeddable":true,"href":"http:\/\/diariodeunaantropologa.com\/www\/wp-json\/wp\/v2\/comments?post=9260"}],"version-history":[{"count":1,"href":"http:\/\/diariodeunaantropologa.com\/www\/wp-json\/wp\/v2\/posts\/9260\/revisions"}],"predecessor-version":[{"id":9261,"href":"http:\/\/diariodeunaantropologa.com\/www\/wp-json\/wp\/v2\/posts\/9260\/revisions\/9261"}],"wp:attachment":[{"href":"http:\/\/diariodeunaantropologa.com\/www\/wp-json\/wp\/v2\/media?parent=9260"}],"wp:term":[{"taxonomy":"category","embeddable":true,"href":"http:\/\/diariodeunaantropologa.com\/www\/wp-json\/wp\/v2\/categories?post=9260"},{"taxonomy":"post_tag","embeddable":true,"href":"http:\/\/diariodeunaantropologa.com\/www\/wp-json\/wp\/v2\/tags?post=9260"}],"curies":[{"name":"wp","href":"https:\/\/api.w.org\/{rel}","templated":true}]}}