{"id":5457,"date":"2020-10-01T06:34:50","date_gmt":"2020-10-01T06:34:50","guid":{"rendered":"http:\/\/diariodeunaantropologa.com\/www\/?p=5457"},"modified":"2020-09-25T16:18:33","modified_gmt":"2020-09-25T16:18:33","slug":"rencontres-niamey-2","status":"publish","type":"post","link":"http:\/\/diariodeunaantropologa.com\/www\/2020\/10\/01\/rencontres-niamey-2\/","title":{"rendered":"Rencontres Niamey"},"content":{"rendered":"<p>La France a toujours \u00e9t\u00e9 un alli\u00e9 fid\u00e8le. Cest le G\u00e9n\u00e9ral de Gaulle qui, au premier jour lors de la crise de Cuba en octobre 1962 a \u00e9t\u00e9 le premier, de tous les chefs d\u00e9tats europ\u00e9ens \u00e0 soutenir J.F. Kennedy 15.  Le document entre en vigueur \u00e0 partir de la date de sa signature, cest-\u00e0-dire du 2 juin 2020. LAutorit\u00e9 de s\u00fbret\u00e9 a alert\u00e9 ce mardi sur le risque de saturation des piscines de lusine Orano ex-Areva de La Hague, o\u00f9 refroidissent les combustibles irradi\u00e9s dans les centrales nucl\u00e9aires fran\u00e7aises, avant dy \u00eatre retrait\u00e9s. On attend des exploitants et Orano quils prennent le sujet en main pour aboutir au plus t\u00f4t \u00e0 la cr\u00e9ation de capacit\u00e9s dentreposage soit sous eau, soit \u00e0 sec, mais en tout cas s\u00fbres, du combustible us\u00e9, a averti Adrien Manchon chef de la division normande de lASN, interrog\u00e9 lors dune audioconf\u00e9rence de presse de bilan annuel. Notice that the CaSe is important in this example. On platforms that enforce case-sensitivity PNG and png are not the same locations. Cest un choix politique. Les gendarmes nont pas la ma\u00eetrise de la chose. Cest le minist\u00e8re qui d\u00e9cide. Lactivit\u00e9 dAir C\u00f4te dIvoire, ralentie suite aux mesures sanitaires impos\u00e9es dans les pays de desserte, est en baisse de Publi\u00e9 le 20.03.2020 par APA News APA Les march\u00e9s ruraux de bois au Niger. Bilan de lappui danois \u00e0 la Strat\u00e9gie.. By Dolf Noppen, Paul Kerkhof, Ced Hesse Le Land allemand de Rh\u00e9nanie-Palatinat a, lui aussi, fait part de ses craintes, ainsi que plusieurs \u00e9lus issus principalement de la province de Luxembourg. La carte qui a circul\u00e9 na pas \u00e9t\u00e9 \u00e9tablie par lOndraf, a assur\u00e9 Marie Christine Marghem MR. La France, comme membre de lorganisation militaire se retrouverait g\u00ean\u00e9e voire emp\u00each\u00e9e de mettre en \u0153uvre sa propre man\u0153uvre dissuasive et lultime avertissement perdrait toute la signification que nous voulons lui donner, puisque, noy\u00e9 dans un combat nucl\u00e9aire de lavant, il ne serait plus quun coup parmi dautres qui eux, nous \u00e9chapperont compl\u00e8tement.   PARIS Reuters EDF na pas observ\u00e9 sur les r\u00e9acteurs nucl\u00e9aires EPR de Flamanville Manche et Taishan Chine les probl\u00e8mes de soupapes d\u00e9tect\u00e9s en Finlande sur le projet OL3 mais r\u00e9alise ou projette des inspections pouss\u00e9es \u00e0 ce sujet sur ses propres centrales, a d\u00e9clar\u00e9 mercredi un porte-parole de l\u00e9lectricien public fran\u00e7ais. Bela\u00efd: les portes de la Pr\u00e9sidence de la R\u00e9publique ouvertes pour un dialogue s\u00e9rieux et responsable Le combat a d\u00e9marr\u00e9 en 2001. Les v\u00e9t\u00e9rans, malades ou non, sont les personnels civils et militaires qui ont particip\u00e9 aux programmes dessais nucl\u00e9aires fran\u00e7ais dans le Sahara et en Polyn\u00e9sie fran\u00e7aise, de 1960 \u00e0 1996. Cela concerne 150 000 personnes. En 2010, il y a une premi\u00e8re loi dindemnisation. Mais elle comportait un article sur le risque n\u00e9gligeable, excluant de fait beaucoup de dossiers. En 2017, cet article a \u00e9t\u00e9 abrog\u00e9. Il y a ensuite eu la fixation dun seuil 1 millisievert pour pr\u00e9tendre \u00e0 indemnisation par le Comit\u00e9 dindemnisation des victimes des essais nucl\u00e9aires. Le conseil d\u00c9tat a estim\u00e9, en janvier dernier, que ce seuil n\u00e9tait pas r\u00e9troactif. Or, le gouvernement, au travers dune proposition sous pr\u00e9texte du Covid-19, a r\u00e9tabli cette r\u00e9troactivit\u00e9 Cest inadmissible. <img decoding=\"async\" src=\"http:\/\/i.technet.microsoft.com\/dynimg\/IC586838.gif\" alt=\"rencontres niamey\" align=\"left\"> Il sagit l\u00e0 dun tournant important dans la transition \u00e9nerg\u00e9tique, pour le directeur g\u00e9n\u00e9ral de lIrena, Francesco La Camera. De une opportunit\u00e9 dadopter des politiques de relance verte. La semaine derni\u00e8re, EDF a indiqu\u00e9 que ces contr\u00f4les, men\u00e9s \u00e0 la suite de la d\u00e9tection sur une soupape de s\u00fbret\u00e9 de lEPR Olkiluoto 3 OL3 nauraient pas dimpact sur la date de mise en service de lEPR de Flamanville, pr\u00e9vue en 2023. Les comp\u00e9tions de la 40\u00e8me \u00e9dition du Sabre National de lutte traditionnelle se poursuivent dans laire de combat de lar\u00e8ne Naroua Sanou de Tillab\u00e9ry. Les rencontres entre les r\u00e9gions ont <img decoding=\"async\" src=\"http:\/\/nhahangauco.com\/img\/03115a2e6702d2cf5f65f9af62dfb728.jpg\" alt=\"rencontres niamey\" align=\"right\"> Le 16 mai, les \u00e9quipes de conduite arr\u00eatent le r\u00e9acteur n1 pour sa visite partielle programm\u00e9e, rapporte EDF dans un communiqu\u00e9. Lors de la baisse de puissance du r\u00e9acteur, un des quatre d\u00e9tecteurs interm\u00e9diaires affiche un d\u00e9calage de mesure par rapport aux trois autres. Une premi\u00e8re analyse d\u00e9cr\u00e8te le d\u00e9tecteur fonctionnel, diagnostic r\u00e9fut\u00e9 en seconde analyse finalis\u00e9e le 25 mai. La r\u00e9paration du d\u00e9tecteur incrimin\u00e9 est en cours. Ce d\u00e9ficit de culture de pr\u00e9caution est-il dabord de la responsabilit\u00e9 du gouvernement ou dEDF? <img decoding=\"async\" src=\"http:\/\/grandhotelniger.com\/img\/home\/img68.jpg\" alt=\"rencontres niamey\" align=\"left\">.<\/p>\n","protected":false},"excerpt":{"rendered":"<p>rencontres niamey<\/p>\n","protected":false},"author":1,"featured_media":0,"comment_status":"closed","ping_status":"closed","sticky":false,"template":"","format":"standard","meta":{"footnotes":""},"categories":[1],"tags":[],"_links":{"self":[{"href":"http:\/\/diariodeunaantropologa.com\/www\/wp-json\/wp\/v2\/posts\/5457"}],"collection":[{"href":"http:\/\/diariodeunaantropologa.com\/www\/wp-json\/wp\/v2\/posts"}],"about":[{"href":"http:\/\/diariodeunaantropologa.com\/www\/wp-json\/wp\/v2\/types\/post"}],"author":[{"embeddable":true,"href":"http:\/\/diariodeunaantropologa.com\/www\/wp-json\/wp\/v2\/users\/1"}],"replies":[{"embeddable":true,"href":"http:\/\/diariodeunaantropologa.com\/www\/wp-json\/wp\/v2\/comments?post=5457"}],"version-history":[{"count":1,"href":"http:\/\/diariodeunaantropologa.com\/www\/wp-json\/wp\/v2\/posts\/5457\/revisions"}],"predecessor-version":[{"id":5459,"href":"http:\/\/diariodeunaantropologa.com\/www\/wp-json\/wp\/v2\/posts\/5457\/revisions\/5459"}],"wp:attachment":[{"href":"http:\/\/diariodeunaantropologa.com\/www\/wp-json\/wp\/v2\/media?parent=5457"}],"wp:term":[{"taxonomy":"category","embeddable":true,"href":"http:\/\/diariodeunaantropologa.com\/www\/wp-json\/wp\/v2\/categories?post=5457"},{"taxonomy":"post_tag","embeddable":true,"href":"http:\/\/diariodeunaantropologa.com\/www\/wp-json\/wp\/v2\/tags?post=5457"}],"curies":[{"name":"wp","href":"https:\/\/api.w.org\/{rel}","templated":true}]}}