{"id":5391,"date":"2020-10-01T06:09:20","date_gmt":"2020-10-01T06:09:20","guid":{"rendered":"http:\/\/diariodeunaantropologa.com\/www\/?p=5391"},"modified":"2020-09-25T08:59:24","modified_gmt":"2020-09-25T08:59:24","slug":"rencontre-du-maire-strasbourg","status":"publish","type":"post","link":"http:\/\/diariodeunaantropologa.com\/www\/2020\/10\/01\/rencontre-du-maire-strasbourg\/","title":{"rendered":"Rencontre Du Maire Strasbourg"},"content":{"rendered":"<p>OK Wallis-et-Futuna Polyn\u00e9sie fran\u00e7aise Nouvelle-Cal\u00e9donie Saint-Pierre-et-Miquelon Pr\u00e9sident de la MOT de \u00e0, Roland Ries a pr\u00e9sid\u00e9 la Mission interminist\u00e9rielle pour le rayonnement europ\u00e9en de Strasbourg MIRES de \u00e0. Colloques, mobilisations, campagnes, interventions m\u00e9diatiques.. Cest ici que vous trouverez les lieux et dates des \u00e9v\u00e8nements \u00e0 venir! Compenser la baisse dactivit\u00e9 de la CTS50.000 euros vont \u00eatre investis dans le projet : des marquages de signalisation au sol seront r\u00e9alis\u00e9s dans les jours ou semaines qui viennent et des panneaux install\u00e9s. Pour la Ville, la mobilit\u00e9 en cette sortie progressive du confinement est un \u00e9norme d\u00e9fi. Dautant que les ne pourront pas accueillir plus de, avait indiqu\u00e9 Alain Fontanel, pr\u00e9sident de la Compagnie des transports strasbourgeois CTS et premier adjoint LREM au maire. Cest trois fois moins quen temps normal. Le blog \u00c9curie-Saints-Flore-et-Laure a publi\u00e9 un extrait des Questions \u00e0 Thalassios de saint Maxime le Confesseur qui propose une r\u00e9flexion sur l.. Bonjour, je suis la coach Meetic. Que recherchez-vous? Je recherche Articles populaires Partagez un t\u00eate-\u00e0-t\u00eate en vid\u00e9o Confinement et d\u00e9confinement : comment le coronavirus change pour de bon les rencontres amoureuses Rencontres peu avant le confinement, comment faire? G\u00e9rer la vie commune avec votre partenaire pendant le confinement \u00c9viter les conflits pendant le confinement <img decoding=\"async\" src=\"http:\/\/www.strasbourg-monamour.eu\/wp-content\/uploads\/2018\/01\/1550x740-RFM.jpg\" alt=\"rencontre du maire strasbourg\" align=\"center\"> d\u00e9finir la strat\u00e9gie acad\u00e9mique dapplication de la politique \u00e9ducative nationale Depuis le 1er janvier 2020, 18 r\u00e9gions acad\u00e9miques sont mises en place pour r\u00e9pondre au nouveau cadre r\u00e9gional cr\u00e9\u00e9 par la loi du 16 janvier 2015. Sept r\u00e9gions acad\u00e9miques regroupent plusieurs acad\u00e9mies, maintenues dans leurs limites g\u00e9ographiques. Quatre r\u00e9gions acad\u00e9miques sont compos\u00e9es de trois acad\u00e9mies. Cinq r\u00e9gions acad\u00e9miques sont compos\u00e9es de deux acad\u00e9mies. Huit r\u00e9gions ne comprennent quune seule acad\u00e9mie, dont quatre en Outre-mer. Un recteur de r\u00e9gion acad\u00e9mique est d\u00e9sign\u00e9 dans chacune delles, et garantit dans les r\u00e9gions pluri acad\u00e9miques lunit\u00e9 et la coh\u00e9rence de la parole de l\u00c9tat en particulier dans les champs de comp\u00e9tences partag\u00e9es avec la collectivit\u00e9 r\u00e9gionale. Pour vous abonner aux mises \u00e0 jour des pages service-public.fr, vous devez activer votre G\u00e9rard SAINT MAXIN Maire de la Commune de CHOOZ Ce samedi 2 novembre \u00e0 lOp\u00e9ra de Strasbourg, toute l\u00e9quipe de Charlie Hebdo se r\u00e9unit pour une intervention publique. Une premi\u00e8re depuis lattentat de 2015. Cette rencontre est organis\u00e9e juste avant le sommet du Forum mondial de la d\u00e9mocratie. Exemplaires de Charlie Hebdo photos dillustration Maxppp   <img decoding=\"async\" src=\"http:\/\/www.pierrotsvauban.fr\/Saison%202014-2015\/ASPV-RACING2__DSC9815.jpg\" alt=\"rencontre du maire strasbourg\" align=\"right\"> Attention : le placement dun des partenaires sous curatelle ou sous tutelle ne lemp\u00eache pas de conclure un Pacs. Des documents compl\u00e9mentaires peuvent alors \u00eatre demand\u00e9s. Recevez lessentiel de lactualit\u00e9 politique s\u00e9lectionn\u00e9 par la r\u00e9daction LOffice des Sports de Strasbourg est une association qui rassemble et coordonne les acteurs sportifs strasbourgeois, organise des \u00e9v\u00e9nements et apporte son soutien au d\u00e9veloppement des pratiques et animations sportives en loisir et en comp\u00e9tition. La ensuite, dont louverture est pr\u00e9vue en 2021. Jai r\u00e9ussi \u00e0 obtenir quelques modifications du projet initial d\u00e9cid\u00e9 par mon pr\u00e9d\u00e9cesseur, comme un am\u00e9nagement plus v\u00e9g\u00e9talis\u00e9 des parkings.  <img decoding=\"async\" src=\"http:\/\/pourletram.fr\/imgs\/20121018-actin-Michelin%20(9).JPG\" alt=\"rencontre du maire strasbourg\" align=\"center\"> Nous pouvons vous recommander la Brasserie de lAubette, le restaurant branch\u00e9 par excellence de Strasbourg. Cadre design aux lignes \u00e9pur\u00e9es et sp\u00e9cialit\u00e9s strasbourgeoises feront le bonheur des gourmets \u00e0 la recherche datmosph\u00e8res chics?<\/p>\n","protected":false},"excerpt":{"rendered":"<p>rencontre du maire strasbourg<\/p>\n","protected":false},"author":1,"featured_media":0,"comment_status":"closed","ping_status":"closed","sticky":false,"template":"","format":"standard","meta":{"footnotes":""},"categories":[1],"tags":[],"_links":{"self":[{"href":"http:\/\/diariodeunaantropologa.com\/www\/wp-json\/wp\/v2\/posts\/5391"}],"collection":[{"href":"http:\/\/diariodeunaantropologa.com\/www\/wp-json\/wp\/v2\/posts"}],"about":[{"href":"http:\/\/diariodeunaantropologa.com\/www\/wp-json\/wp\/v2\/types\/post"}],"author":[{"embeddable":true,"href":"http:\/\/diariodeunaantropologa.com\/www\/wp-json\/wp\/v2\/users\/1"}],"replies":[{"embeddable":true,"href":"http:\/\/diariodeunaantropologa.com\/www\/wp-json\/wp\/v2\/comments?post=5391"}],"version-history":[{"count":1,"href":"http:\/\/diariodeunaantropologa.com\/www\/wp-json\/wp\/v2\/posts\/5391\/revisions"}],"predecessor-version":[{"id":5392,"href":"http:\/\/diariodeunaantropologa.com\/www\/wp-json\/wp\/v2\/posts\/5391\/revisions\/5392"}],"wp:attachment":[{"href":"http:\/\/diariodeunaantropologa.com\/www\/wp-json\/wp\/v2\/media?parent=5391"}],"wp:term":[{"taxonomy":"category","embeddable":true,"href":"http:\/\/diariodeunaantropologa.com\/www\/wp-json\/wp\/v2\/categories?post=5391"},{"taxonomy":"post_tag","embeddable":true,"href":"http:\/\/diariodeunaantropologa.com\/www\/wp-json\/wp\/v2\/tags?post=5391"}],"curies":[{"name":"wp","href":"https:\/\/api.w.org\/{rel}","templated":true}]}}