{"id":5293,"date":"2020-10-01T19:03:11","date_gmt":"2020-10-01T19:03:11","guid":{"rendered":"http:\/\/diariodeunaantropologa.com\/www\/?p=5293"},"modified":"2020-09-25T05:16:00","modified_gmt":"2020-09-25T05:16:00","slug":"rencontre-johnny-et-laeticia","status":"publish","type":"post","link":"http:\/\/diariodeunaantropologa.com\/www\/2020\/10\/01\/rencontre-johnny-et-laeticia\/","title":{"rendered":"Rencontre Johnny Et Laeticia"},"content":{"rendered":"<p>Cest en 1962 \u00e0 lOlympia que Johnny Hallyday fait la rencontre de Sylvie Vartan. \u00c2g\u00e9e de tout juste dix-huit ans, la jeune bulgare fait la premi\u00e8re partie du rockeur britannique Vince Taylor. Imm\u00e9diatement, Johnny Hallyday tombe sous le charme de la chanteuse dun an sa cadette. Officialis\u00e9e quelques mois plus tard, leur relation fascine le public qui ne jure que par les deux artistes. Pour preuve, 200 000 spectateurs viendront applaudir lors de leur concert \u00e0 Paris en 1963.  Johnny et Laeticia, \u00e0 la vie \u00e0 la mort: notre enqu\u00eate dans le premier cercle du couple recevez par mail les infos et conseils de la r\u00e9daction \u00e0 ne pas rater Le 25 mars 1995, Johnny Hallyday rencontre Laeticia pour la premi\u00e8re fois : le r\u00e9cit int\u00e9gral de leur nuit de folie <img decoding=\"async\" src=\"http:\/\/img.fac.pmdstatic.net\/scale\/http.3A.2F.2Fwww.2Efemmeactuelle.2Efr.2Fvar.2Ffemmeactuelle.2Fstorage.2Fimages.2Fmedia.2Fimages.2Flaeticia-hallyday-fauteuil-roulant-3.2F14474338-1-fre-FR.2Flaeticia-hallyday-fauteuil-roulant-3.2Ejpg\/750xauto\/crop-from\/center\/laeticia-hallyday-fauteuil-roulant-3.jpg\" alt=\"rencontre johnny et laeticia\" align=\"right\"> Sylvie Vartan et Johnny Hallyday ont v\u00e9cu une relation passionn\u00e9e, faite de hauts et de bas. Les anciens amoureux ont \u00e9t\u00e9 un couple phare des ann\u00e9es y\u00e9-y\u00e9. Ils se sont rencontr\u00e9s par linterm\u00e9diaire du fr\u00e8re de la chanteuse, Eddie. Cest le coup de foudre. Ils scellent leur amour lors dun mariage ultra m\u00e9diatis\u00e9-au grand dam de linterpr\u00e8te de La plus belle pour aller danser-le 12 avril 1965 \u00e0 Loconville, dans lOise. 2 000 fans et pas moins de 200 journalistes sont pr\u00e9sents, un vrai cirque, a-t-elle d\u00e9plor\u00e9 plus tard, comme le rappelle Ici Paris dans ses colonnes.David Hallyday nait peu apr\u00e8s, le 14 ao\u00fbt 1966. Il sera leur seul enfant ensemble puisque huit ans plus tard, le couple traverse un drame. Une \u00e9preuve de plus \u00e0 endurer pour la chanteuse, apr\u00e8s les multiples infid\u00e9lit\u00e9s de Johnny Hallyday.Un bonheur de courte dur\u00e9eEn f\u00e9vrier 1974, quand Sylvie annonce sa deuxi\u00e8me grossesse, beaucoup y voient comme un signe du destin. Finalement, leur histoire nest peut-\u00eatre pas encore finie. Huit ans apr\u00e8s la naissance de David, Sylvie est folle de joie \u00e0 lid\u00e9e de pouponner.. Un bonheur de courte dur\u00e9e puisque la chanteuse perd son b\u00e9b\u00e9, relate Ici Paris.Sylvie Vartan a le cuir tann\u00e9 par les coups durs. En plus de sa fausse couche, de son divorce douloureux davec Johnny Hallyday, la chanteuse a v\u00e9cu deux accidents de la route \u00e9prouvants. Lors du premier, survenu sur une route d\u00e9partementale pr\u00e8s de Bois-dArcy, dans les Yvelines, en 1968-elle avait 24 ans-elle perd sa meilleure amie et marraine de son fils, Mercedes Calmel Mend\u00e8s.Durant le second, pr\u00e8s de Besan\u00e7on, elle est aux c\u00f4t\u00e9s de Johnny Hallyday. Sylvie Vartan se retrouve d\u00e9figur\u00e9e et se fait hospitaliser \u00e0 New York, aux Etats-Unis. Brigitte Macron a interview\u00e9 sur TF1 dans le cadre de lintroduction de lOp\u00e9ration Pi\u00e8ces jaunes, dont elle.. <img decoding=\"async\" src=\"http:\/\/cdn2-public.ladmedia.fr\/var\/public\/storage\/images\/news\/photos\/photos-johnny-et-laeticia-hallyday-amoureux-comme-au-premier-jour-pour-la-premiere-de-salaud-on-t-aime-518429\/johnny-et-laeticia-hallyday-a-paris-le-31-mars-2014-518446\/6443534-1-fre-FR\/Johnny-et-Laeticia-Hallyday-a-Paris-le-31-mars-2014_portrait_w674.jpg\" alt=\"rencontre johnny et laeticia\" align=\"right\"> Archives-Guy B\u00e9art lors du tournoi de tennis de Roland Garros \u00e0 Paris en juin 2002. JLPPA Bestimage  Exclusif-Ana de Armas, non masqu\u00e9e malgr\u00e9 l\u00e9pid\u00e9mie de coronavirus Covid-19, prom\u00e8ne son chien Backgrid USA Bestimage Archive-SYLVIE VARTAN-ENREGISTREMENT DE LEMISSION VIVEMENT DIMANCHE Guillaume GaffiotBestimage Pourquoi cette absence? La preuve, comme le soutient Laura, de la jalousie de sa belle-m\u00e8re \u00e0 son \u00e9gard? Vitaa assiste au match de Ligue 1 Conforama PSG 5-0 Montpellier au Parc des Princes \u00e0 Paris le 1 f\u00e9 Giancarlo GorassiniBestImage Le jeudi 18 Juin souvrira FrontPopulaire.fr. Une plateforme collaborative avec un fil dactualit\u00e9s o\u00f9 vous aurez la possibilit\u00e9 de partager des id\u00e9es, des articles et des initiatives originales. Une section du site sera d\u00e9di\u00e9e aux Cahiers de dol\u00e9ances, un v\u00e9ritable appel au peuple dans le but de faire remonter toutes vos propositions et permettre de recouvrer notre souverainet\u00e9.  <img decoding=\"async\" src=\"http:\/\/www.lepoint.fr\/images\/2018\/04\/11\/14356377-14357245-article-jpg_5158659.jpg\" alt=\"rencontre johnny et laeticia\" align=\"center\"> R\u00e9tro-D\u00e9c\u00e8s de Elizabeth-Ann de Massy Elisabeth-Anne de Massy, cousine germaine du prince Albert Claudia Albuquerque Bestimage Laura Smet et Laeticia Hallyday en 2011 Florent DupuySipa Changement de coiffure pour Charlene de Monaco. Quelques jours apr\u00e8s avoir fait une rare sortie depuis le d\u00e9confinement, l\u00e9pouse dAlbert II a pris la parole pour remercier ses compatriotes sud-africains. La maman des jumeaux Jacques et Gabriella a ainsi d\u00e9voil\u00e9 un tout nouveau look sp\u00e9cialement chic : dans une tenue blanche immacul\u00e9e, la princesse est apparue avec une frange. Apr\u00e8s avoir v\u00e9cu des semaines dinqui\u00e9tude apr\u00e8s que Son Altesse a \u00e9t\u00e9 test\u00e9e positive au coronavirus, Charlene de Monaco a s\u00fbrement eu envie dun peu de changement. Et quoi de mieux que de revenir cinq ans en arri\u00e8re? Si dordinaire la princesse mon\u00e9gasque arbore des cheveux mi-longs parfaitement coiff\u00e9s, elle est revenue \u00e0 une ancienne coiffure qui doit lui rappeler des souvenirs. En janvier 2015 sur le balcon du Palais, cest avec une frange et tout en blanc que Charlene de Monaco avait pr\u00e9sent\u00e9 ses deux bouts de chou.Lancienne nageuse olympique, originaire dAfrique du Sud, a enregistr\u00e9 un message pour remercier ceux qui ont soutenu sa campagne Strong Together. Bonjour lAfrique du Sud, mes compatriotes sud-africains, a commenc\u00e9 l\u00e9pouse du prince Albert II dans la vid\u00e9o partag\u00e9e mercredi 10 juin. Je voulais prendre un moment pour remercier ma fondation, nos ambassadeurs c\u00e9l\u00e8bres et vous, les g\u00e9n\u00e9reux donateurs et sympathisants mondiaux de notre initiative mondiale Strong Together. La maman \u00e9panouie de 42 ans a continu\u00e9 : Je suis vraiment \u00e9mue par le soutien et lengagement de tous ceux qui se rassemblent pour sentraider. Jaimerais vous exhorter \u00e0 continuer de faire un don pour \u00eatre la lumi\u00e8re de quelquun dautre et \u00e0 faire ce que vous pouvez pour changer des vies dans votre communaut\u00e9. Vos dons \u00e0 la campagne Strong Together vont \u00e0 45 associations caritatives pour leur permettre dapporter aide et secours aux plus vuln\u00e9rables de notre soci\u00e9t\u00e9. La famille princi\u00e8re, engag\u00e9e contre le Covid-19Charlene de Monaco \u00e9tait sp\u00e9cialement chic, portant un ensemble sans manches en ivoire, quelle a accessoiris\u00e9 avec une broche, tout en coiffant ses tresses dor\u00e9es en un \u00e9l\u00e9gant chignon-permettant \u00e0 sa frange de prendre le devant de la sc\u00e8ne. Linitiative Strong Together, qui dure deux semaines, rassemble des c\u00e9l\u00e9brit\u00e9s et des ONG pour sensibiliser et apporter de lespoir et de laide \u00e0 ceux qui ont \u00e9t\u00e9 touch\u00e9s par la pand\u00e9mie de Covid-19. Les fans peuvent soutenir leur c\u00e9l\u00e9brit\u00e9 pr\u00e9f\u00e9r\u00e9e en votant pour sa campagne ou en faisant un don \u00e0 leur organisme de bienfaisance. Le d\u00e9fi Strong Together est encourag\u00e9 par la famille royale de Monaco, personnellement touch\u00e9e par le nouveau coronavirus. Apr\u00e8s avoir \u00e9t\u00e9 d\u00e9clar\u00e9 gu\u00e9ri par ses m\u00e9decins, Albert II a retrouv\u00e9 sa famille \u00e0 Roc Agel o\u00f9 elle a abord\u00e9 ces temps difficiles et troubl\u00e9s dans une vid\u00e9o. La rupture entre Universal et Johnny est consomm\u00e9e en 2005. Johnny ressent un immense bonheur, affirme lann\u00e9e suivante \u00e0 lAFP Andr\u00e9 Boudou, une fois le contrat sign\u00e9 avec Warner. Il est heureux dans sa vie et dans sa carri\u00e8re maintenant. Un nouveau chapitre souvre. Le nouvelle mariee est le tube poigne novembre jour de lhommage national aux victimessur la sc\u00e8ne de Bercyil chante Un dimanche de janviertandis que le fond de la sc\u00e8ne se teinte aux couleurs nationales. Des applaudissements nourris pr\u00e9c\u00e8dent une Marseillaise improvis\u00e9e par le public, alors que le chanteur accroche au pied dun micro un drapeau fran\u00e7ais.<\/p>\n","protected":false},"excerpt":{"rendered":"<p>rencontre johnny et laeticia<\/p>\n","protected":false},"author":1,"featured_media":0,"comment_status":"closed","ping_status":"closed","sticky":false,"template":"","format":"standard","meta":{"footnotes":""},"categories":[1],"tags":[],"_links":{"self":[{"href":"http:\/\/diariodeunaantropologa.com\/www\/wp-json\/wp\/v2\/posts\/5293"}],"collection":[{"href":"http:\/\/diariodeunaantropologa.com\/www\/wp-json\/wp\/v2\/posts"}],"about":[{"href":"http:\/\/diariodeunaantropologa.com\/www\/wp-json\/wp\/v2\/types\/post"}],"author":[{"embeddable":true,"href":"http:\/\/diariodeunaantropologa.com\/www\/wp-json\/wp\/v2\/users\/1"}],"replies":[{"embeddable":true,"href":"http:\/\/diariodeunaantropologa.com\/www\/wp-json\/wp\/v2\/comments?post=5293"}],"version-history":[{"count":1,"href":"http:\/\/diariodeunaantropologa.com\/www\/wp-json\/wp\/v2\/posts\/5293\/revisions"}],"predecessor-version":[{"id":5294,"href":"http:\/\/diariodeunaantropologa.com\/www\/wp-json\/wp\/v2\/posts\/5293\/revisions\/5294"}],"wp:attachment":[{"href":"http:\/\/diariodeunaantropologa.com\/www\/wp-json\/wp\/v2\/media?parent=5293"}],"wp:term":[{"taxonomy":"category","embeddable":true,"href":"http:\/\/diariodeunaantropologa.com\/www\/wp-json\/wp\/v2\/categories?post=5293"},{"taxonomy":"post_tag","embeddable":true,"href":"http:\/\/diariodeunaantropologa.com\/www\/wp-json\/wp\/v2\/tags?post=5293"}],"curies":[{"name":"wp","href":"https:\/\/api.w.org\/{rel}","templated":true}]}}