{"id":5019,"date":"2020-09-30T14:10:41","date_gmt":"2020-09-30T14:10:41","guid":{"rendered":"http:\/\/diariodeunaantropologa.com\/www\/?p=5019"},"modified":"2020-09-24T20:10:10","modified_gmt":"2020-09-24T20:10:10","slug":"rencontre-allemand-gratuit","status":"publish","type":"post","link":"http:\/\/diariodeunaantropologa.com\/www\/2020\/09\/30\/rencontre-allemand-gratuit\/","title":{"rendered":"Rencontre Allemand Gratuit"},"content":{"rendered":"<p>Ces personnes signalent leurs difficult\u00e9s d\u00e8s quelles en ont connaissance. Des facilit\u00e9s horaires leur sont accord\u00e9es, dans la mesure du possible, pour concilier leur activit\u00e9 avec les r\u00e8gles de reprise des transports en commun. Les personnels peuvent-ils invoquer un droit de retrait? M\u00e9decin du centre Covid Larochefoucauld \u00e0 Paris, Jean-Fran\u00e7ois Corty a travaill\u00e9 avec M\u00e9decins du monde de 2008 \u00e0 2018 et avec M\u00e9decins sans fronti\u00e8res de 2000 \u00e0 2008. Charg\u00e9 denseignement \u00e0 lIEP de Toulouse, il r\u00e9pond \u00e0 mes questions \u00e0 loccasion de la parution de son ouvrage Profession solidaire, chroniques de laccueil avec J\u00e9r\u00e9mie Dres et Marie-Ange Rousseau. Le championnat allemand au centre des attentions : la Bundesliga sera ce samedi la premi\u00e8re ligue majeure \u00e0 red\u00e9marrer depuis le coronavirus. Le succ\u00e8s ou l\u00e9chec de cette op\u00e9ration re-start, \u00e0 huis clos, pourrait montrer la voie aux autres grandes nations du ballon rond en Europe.  <img decoding=\"async\" src=\"http:\/\/g-nails.com\/img\/7337388eedf47f2f309920a28a04a249.jpg\" alt=\"rencontre allemand gratuit\" align=\"right\"> <img decoding=\"async\" src=\"http:\/\/www.subject.serenitynowmassagetherapy.com\/img\/400\/5689777baeb3f-services-artisan-menuisier-menuiserie-ebeniste-soc-nice-06200-paca-1-400.jpg\" alt=\"rencontre allemand gratuit\" align=\"right\"> Un avis de chercheurs de lInserm publi\u00e9 mi-avril pr\u00e9conisait lui aussi une reprise de la classe \u00e0 la rentr\u00e9e de septembre, il na pas non plus \u00e9t\u00e9 pris en compte. R\u00e9sultat : la crainte a tr\u00e8s vite \u00e9t\u00e9 palpable. Sur le plan sanitaire, ce nest pas une tr\u00e8s bonne id\u00e9e. Il existe un principe g\u00e9n\u00e9ral qui est de d\u00e9confiner dans lordre inverse du confinement. Les \u00e9coles auraient donc d\u00fb \u00eatre les derni\u00e8res \u00e0 rouvrir leurs portes, avancait le Pr Eric Caumes, chef du service des maladies infectieuses de lh\u00f4pital de la Piti\u00e9-Salp\u00eatri\u00e8re \u00e0 Paris. Le pr\u00e9sident de la F\u00e9d\u00e9ration des m\u00e9decins de France, Jean-Paul Hamon, estimait que la reprise des cours constituait alors un risque inutile pour lensemble de la population. Veuillez entrer vos informations pour vous connecter Alors que les manifestations se multiplient en France contre le racisme et les violences polici\u00e8res, en \u00e9cho \u00e0.. Longtemps pris\u00e9e par les \u00e9tudiants mauriciens, la fili\u00e8re de lh\u00f4tellerie semble d\u00e9sormais incertaine. Durement frapp\u00e9 par la pand\u00e9mie, ce secteur ne  Les th\u00e9ories du complot se faisant rares au sujet de l\u00e9pid\u00e9mie de Covid-19, en voici une : le virus a \u00e9t\u00e9 r\u00e9pandu sur la Terre par les supporteurs de football pour rappeler que, sans eux, le sport est vid\u00e9 de sa substance. Ces pistes laissent penser que le virus pourrait trouver tout simplement porte close chez les enfants, ce que laisse entendre \u00e9galement le Pr Christ\u00e8le Gras-Le Guen. Celle-ci a t\u00e9moign\u00e9 de son \u00e9tonnement au sujet de cas des m\u00e8res positives pour le virus, mais dont les nouveau-n\u00e9s nont pas \u00e9t\u00e9 infect\u00e9s, malgr\u00e9 une grande proximit\u00e9. Pour linstant on ne sait pas comment cest possible.. Les informations disponibles semblent indiquer que le SARS-CoV-2 ne saccroche pas beaucoup chez lenfant, assure celle-ci dans un entretien au site The Conversation. Je suis moi m\u00eame sinc\u00e8re sympa honn\u00eate fid\u00e8le respectueuse je d\u00e9teste les mensonge la trahison le manque de respecte le manque de promesse mon futur partenaire saura plus sur moi  Le v\u00e9ritable abb\u00e9 Casse et non son stupide usurpateur Il y a 27 jours Le 16052020 \u00e0 12:17 Signaler un abus La r\u00e9ouverture des \u00e9coles, m\u00eame progressive, depuis le 11 mai a provoqu\u00e9 de vifs d\u00e9bats en France. Le Conseil scientifique a jet\u00e9 un pav\u00e9 dans la mare le samedi 25 avril, en confirmant dans un avis consacr\u00e9 au d\u00e9confinement des \u00e9coles quil avait pr\u00e9conis\u00e9 une r\u00e9ouverture des classes en septembre, par pr\u00e9caution, et non au printemps, comme la d\u00e9cid\u00e9 le gouvernement. Le Conseil scientifique disait n\u00e9anmoins avoir pris acte de la d\u00e9cision politique de les rouvrir progressivement d\u00e8s le mois de mai, en prenant en compte les enjeux sanitaires mais aussi soci\u00e9taux et \u00e9conomiques. Il pr\u00e9conisait donc en cons\u00e9quence une batterie de mesures, dont le port obligatoire dun masque antiprojection dans les coll\u00e8ges et les lyc\u00e9es, la prise de temp\u00e9rature \u00e0 la maison par les parents, des strat\u00e9gies dans les \u00e9tablissements pour \u00e9viter les brassages d\u00e9l\u00e8ves.. Des pr\u00e9conisations reprises en grande partie dans le protocole sanitaire accompagnant depuis le retour en classe des \u00e9l\u00e8ves. <img decoding=\"async\" src=\"http:\/\/2.bp.blogspot.com\/-TWyylISvkkk\/Uyj-E6e5EzI\/AAAAAAAAkjE\/rqEStCCBdNc\/s1600\/facebook+p%C3%A9docriminel+01.jpg\" alt=\"rencontre allemand gratuit\" align=\"right\"> Sur la base de ces recommandations, les dispositions sont les suivantes : Chef AllemagnOnaute Messages: 103 Inscription: Ven 10 Juil 2009 15:20 Localisation: Aurillac Lartiste Moussa Konat\u00e9 travaille chez McDonald, \u00e0 Edmonton, comme \u00e9quipier.<\/p>\n","protected":false},"excerpt":{"rendered":"<p>rencontre allemand gratuit<\/p>\n","protected":false},"author":1,"featured_media":0,"comment_status":"closed","ping_status":"closed","sticky":false,"template":"","format":"standard","meta":{"footnotes":""},"categories":[1],"tags":[],"_links":{"self":[{"href":"http:\/\/diariodeunaantropologa.com\/www\/wp-json\/wp\/v2\/posts\/5019"}],"collection":[{"href":"http:\/\/diariodeunaantropologa.com\/www\/wp-json\/wp\/v2\/posts"}],"about":[{"href":"http:\/\/diariodeunaantropologa.com\/www\/wp-json\/wp\/v2\/types\/post"}],"author":[{"embeddable":true,"href":"http:\/\/diariodeunaantropologa.com\/www\/wp-json\/wp\/v2\/users\/1"}],"replies":[{"embeddable":true,"href":"http:\/\/diariodeunaantropologa.com\/www\/wp-json\/wp\/v2\/comments?post=5019"}],"version-history":[{"count":1,"href":"http:\/\/diariodeunaantropologa.com\/www\/wp-json\/wp\/v2\/posts\/5019\/revisions"}],"predecessor-version":[{"id":5020,"href":"http:\/\/diariodeunaantropologa.com\/www\/wp-json\/wp\/v2\/posts\/5019\/revisions\/5020"}],"wp:attachment":[{"href":"http:\/\/diariodeunaantropologa.com\/www\/wp-json\/wp\/v2\/media?parent=5019"}],"wp:term":[{"taxonomy":"category","embeddable":true,"href":"http:\/\/diariodeunaantropologa.com\/www\/wp-json\/wp\/v2\/categories?post=5019"},{"taxonomy":"post_tag","embeddable":true,"href":"http:\/\/diariodeunaantropologa.com\/www\/wp-json\/wp\/v2\/tags?post=5019"}],"curies":[{"name":"wp","href":"https:\/\/api.w.org\/{rel}","templated":true}]}}