{"id":4953,"date":"2020-09-30T08:59:01","date_gmt":"2020-09-30T08:59:01","guid":{"rendered":"http:\/\/diariodeunaantropologa.com\/www\/?p=4953"},"modified":"2020-09-24T18:05:29","modified_gmt":"2020-09-24T18:05:29","slug":"centre-rencontre-creil","status":"publish","type":"post","link":"http:\/\/diariodeunaantropologa.com\/www\/2020\/09\/30\/centre-rencontre-creil\/","title":{"rendered":"Centre Rencontre Creil"},"content":{"rendered":"<p>03 44 20 27 15 26, rue de Harlay-60200 Compi\u00e8gne oisehebdooisehebdo.fr \u039c\u03b9\u03b1 \u03bf\u03bb\u03bf\u03ba\u03bb\u03b7\u03c1\u03c9\u03bc\u03ad\u03bd\u03b7 \u03c0\u03bf\u03bb\u03c5\u03bb\u03b5\u03b9\u03c4\u03bf\u03c5\u03c1\u03b3\u03b9\u03ba\u03ae \u03b1\u03bd\u03c4\u03b9\u03b3\u03b7\u03c1\u03b1\u03bd\u03c4\u03b9\u03ba\u03ae \u03b1\u03b3\u03c9\u03b3\u03ae \u03b5\u03bd\u03b5\u03c1\u03b3\u03bf\u03c0\u03bf\u03b9\u03b5\u03af \u03c4\u03b1 \u03b3\u03bf\u03bd\u03af\u03b4\u03b9\u03b1 \u03ba\u03b1\u03b9 \u03c4\u03b1 \u03b2\u03bb\u03b1\u03c3\u03c4\u03bf\u03ba\u03cd\u03c4\u03c4\u03b1\u03c1\u03b1 \u03c4\u03bf\u03c5 \u03b4\u03ad\u03c1\u03bc\u03b1\u03c4\u03bf\u03c2 \u03ba\u03b1\u03b9 \u03ad\u03c4\u03c3\u03b9 \u03c0\u03c1\u03bf\u03bb\u03b1\u03bc\u03b2\u03ac\u03bd\u03b5\u03b9 \u03ba\u03b1\u03b9 \u03b1\u03bd\u03b1\u03c3\u03c4\u03c1\u03ad\u03c6\u03b5\u03b9 \u03c4\u03b7\u03bd \u03c6\u03c9\u03c4\u03bf\u03b3\u03ae\u03c1\u03b1\u03bd\u03c3\u03b7, \u03b5\u03c0\u03b1\u03bd\u03bf\u03c1\u03b8\u03ce\u03bd\u03b5\u03b9, \u03b1\u03bd\u03b1\u03b4\u03bf\u03bc\u03b5\u03af \u03ba\u03b1\u03b9 \u03b2\u03b5\u03bb\u03c4\u03b9\u03ce\u03bd\u03b5\u03b9 \u03c4\u03bf \u03c7\u03c1\u03bf\u03bd\u03bf-\u03ba\u03b1\u03b9 \u03b2\u03b9\u03bf-\u03b3\u03b7\u03c1\u03b1\u03c3\u03bc\u03ad\u03bd\u03bf \u03b4\u03ad\u03c1\u03bc\u03b1. Annuaire-chaix: les principales soci\u00e9t\u00e9s par actions, compagnies des chemins.-Google Books Alors que le traitement des derniers dossiers en phase 1 est en cours de finalisation, la plate-forme de d\u00e9claration de.. Nous vous remercions pour vos commentaires suite \u00e0 votre s\u00e9jour \u00e0 ibis Creil-sur-Oise. Manque de moyens du centre hospitalier de Creil et du centre hospitalier interd\u00e9partemental de Clermont pour la prise en charge sanitaire des d\u00e9tenus de Liancourt Selon Jean-Claude Villemain, il sagit sans aucun doute dune attaque parfaitement cibl\u00e9e sur son v\u00e9hicule personnel. Ma voiture est facilement identifiable, souligne-t-il. Je pense quen la br\u00fblant, on a voulu me faire passer un message. Soit quil nest plus le bienvenue dans certains quartiers, suppose le candidat \u00e0 sa r\u00e9\u00e9lection aux municipales, soit pour faire pression sur les commer\u00e7ants qui laccueillent. Creil : mercredi de 9h00 \u00e0 12h00 et de 13h30 \u00e0 17h00, Maison de la Justice et du Droit, 26 Rue Voltaire et jeudi de 9h00 \u00e0 12h00, CAF, 2 rue Charles Duguet Parcourez les offres des Mairies gr\u00e2ce \u00e0 une interface simple dutilisation et trouvez, en quelques clics, lespace de vos r\u00eaves. Contexte \u00e9lectoralMais pour l\u00e9lu, il ne fait aucun doute que cet acte de vandalisme sinscrit dans le contexte du scrutin \u00e0 venir. Autrement on maurait laiss\u00e9 tranquille, regrette-t-il. Dans un post Facebook il a d\u00e9plor\u00e9 une v\u00e9ritable d\u00e9rive dans les attitudes de certaines personnes \u00e0 son encontre. 9 RNA Biology of Influenza Virus, Department of Virology, Institut Pasteur, Paris, France Situ\u00e9 dans le village, lh\u00f4tel de lancienne commanderie est un b\u00e2timent Renaissance 1560 \u00e9lev\u00e9 sur un cellier gothique, avec une chapelle gothique. Jardins \u00e0 la fran\u00e7aise avec tilleuls, ifs.. Neuilly-sous-Clermont 60290 Microsoft ne maintenant plus la version de votre navigateur, ce site est affich\u00e9 en mode d\u00e9grad\u00e9 Nous utilisons des cookies pour vous garantir la meilleure exp\u00e9rience sur notre site. Si vous continuez \u00e0 utiliser ce dernier, nous consid\u00e9rerons que vous acceptez lutilisation des cookies.  Je suis un homme de 39 ans qui aime profiter de la vie. Discret et tr\u00e8s l\u00e9ger avec beaucoup dhumour. Jaime faire de nouvelle exp\u00e9rience et je suis tr\u00e8s ouvert desprit. Je recherche \u00e0 passer du bon temps, une soir\u00e9e ou.. <img decoding=\"async\" src=\"http:\/\/trhorns.ga\/wp-content\/uploads\/2018\/01\/chamilo-bleu-300x225.jpg\" alt=\"centre rencontre creil\" align=\"left\"> Le ministre de la Sant\u00e9 Olivier V\u00e9ran a fait \u00e9tat de douze nouveaux cas de contamination dans le d\u00e9partement de lOise ce jeudi, des cas reli\u00e9s entre eux par une cha\u00eene de contamination. Trois ont \u00e9t\u00e9 diagnostiqu\u00e9s sur une base militaire et la recherche de personnes ayant pu \u00eatre en contact avec eux se poursuit, a ajout\u00e9 le ministre.  Cest avec grand plaisir que nous recevons vos compliments. Aussi, nous ne manquerons pas de partager vos appr\u00e9ciations avec toute notre \u00e9quipe. Votre satisfaction est la plus belle r\u00e9compense pour notre personnel qui travaille jour apr\u00e8s jour pour vous offrir un service irr\u00e9prochable. <img decoding=\"async\" src=\"http:\/\/www.artmuklti.tk\/sites\/all\/libraries\/ckfinder\/userfiles\/images\/plan_35t(2).png\" alt=\"centre rencontre creil\" align=\"left\"> Le second patient, un chauffeur de 55 ans travaillant, comme civil, sur la base militaire de Creil et habitant La Croix-Saint-Ouen-mari\u00e9, deux enfants et une petite-fille, est hospitalis\u00e9 au CHU dAmiens dans le service de r\u00e9animation, dans un \u00e9tat grave. Test\u00e9 positif au coronavirus, il a dabord \u00e9t\u00e9 hospitalis\u00e9 \u00e0 Compi\u00e8gne, du 12 f\u00e9vrier jusqu\u00e0 mardi. Pour lire la suite de cet article, cr\u00e9ez un compte gratuit D\u00e9tecter, d\u00e9pister, isoler : comprendre la strat\u00e9gie de d\u00e9confinement \u03a3\u03cd\u03c3\u03c4\u03b7\u03bc\u03b1 \u0391.\u0392.\u0391.\u03a3: 0 \u03a3\u03c5\u03bd\u03c4\u03b7\u03c1\u03b7\u03c4\u03b9\u03ba\u03cc-0 \u0386\u03c1\u03c9\u03bc\u03b1-0 \u03a7\u03c1\u03c9\u03c3\u03c4\u03b9\u03ba\u03ad\u03c2-0 \u0393\u03b1\u03bb\u03b1\u03ba\u03c4\u03c9\u03bc\u03b1\u03c4\u03bf\u03c0\u03bf\u03b9\u03b7\u03c4\u03ad\u03c2  <img decoding=\"async\" src=\"http:\/\/www.sdis86.net\/var\/ayaline_site\/storage\/images\/media\/images\/carte-cie\/25927-3-fre-FR\/Carte-Cie.jpg\" alt=\"centre rencontre creil\" align=\"right\"> Floriane Louison: On est tous les deux all\u00e9s sur un terrain similaire: que ce soit la fronti\u00e8re ou le terminus dun RER, on est vraiment dans ce quon peut appeler la France p\u00e9riph\u00e9rique. Il y a lid\u00e9e daller \u00e0 la fronti\u00e8re pour dire quelle nexiste plus physiquement, mais que des fronti\u00e8res s\u00e9parent encore les populations. \u00c0 Creil, il ny a aucun enclavement physique, par exemple li\u00e9 aux transports il y a le RER, le TER, lautoroute, deux a\u00e9roports \u00e0 proximit\u00e9 et m\u00eame bient\u00f4t le TGV, mais un enclavement li\u00e9 \u00e0 dautres choses.<\/p>\n","protected":false},"excerpt":{"rendered":"<p>centre rencontre creil<\/p>\n","protected":false},"author":1,"featured_media":0,"comment_status":"closed","ping_status":"closed","sticky":false,"template":"","format":"standard","meta":{"footnotes":""},"categories":[1],"tags":[],"_links":{"self":[{"href":"http:\/\/diariodeunaantropologa.com\/www\/wp-json\/wp\/v2\/posts\/4953"}],"collection":[{"href":"http:\/\/diariodeunaantropologa.com\/www\/wp-json\/wp\/v2\/posts"}],"about":[{"href":"http:\/\/diariodeunaantropologa.com\/www\/wp-json\/wp\/v2\/types\/post"}],"author":[{"embeddable":true,"href":"http:\/\/diariodeunaantropologa.com\/www\/wp-json\/wp\/v2\/users\/1"}],"replies":[{"embeddable":true,"href":"http:\/\/diariodeunaantropologa.com\/www\/wp-json\/wp\/v2\/comments?post=4953"}],"version-history":[{"count":1,"href":"http:\/\/diariodeunaantropologa.com\/www\/wp-json\/wp\/v2\/posts\/4953\/revisions"}],"predecessor-version":[{"id":4954,"href":"http:\/\/diariodeunaantropologa.com\/www\/wp-json\/wp\/v2\/posts\/4953\/revisions\/4954"}],"wp:attachment":[{"href":"http:\/\/diariodeunaantropologa.com\/www\/wp-json\/wp\/v2\/media?parent=4953"}],"wp:term":[{"taxonomy":"category","embeddable":true,"href":"http:\/\/diariodeunaantropologa.com\/www\/wp-json\/wp\/v2\/categories?post=4953"},{"taxonomy":"post_tag","embeddable":true,"href":"http:\/\/diariodeunaantropologa.com\/www\/wp-json\/wp\/v2\/tags?post=4953"}],"curies":[{"name":"wp","href":"https:\/\/api.w.org\/{rel}","templated":true}]}}