{"id":4911,"date":"2020-09-30T17:35:39","date_gmt":"2020-09-30T17:35:39","guid":{"rendered":"http:\/\/diariodeunaantropologa.com\/www\/?p=4911"},"modified":"2020-09-24T16:54:37","modified_gmt":"2020-09-24T16:54:37","slug":"rencontre-pel-brest","status":"publish","type":"post","link":"http:\/\/diariodeunaantropologa.com\/www\/2020\/09\/30\/rencontre-pel-brest\/","title":{"rendered":"Rencontre Pel Brest"},"content":{"rendered":"<p>Coupe de France: Marseille se sort de lenfer, Brest au tapis Identifier et d\u00e9finir le besoin en recrutement LES ETAPES DU RECRUTEMENT Le recrutement est une d\u00e9marche structur\u00e9e qui comporte plusieurs \u00e9tapes aux quelles il faut attacher de l importance. La majorit\u00e9 Favoriser la participation citoyenne des parents, des enfants et des adolescents Sport Revivez le match nul du FC Metz \u00e0 Brest 1-1 Le est pr\u00e9sent \u00e0 Brest pour les 6\u00e8mes Rencontres Nationales des Projets \u00c9ducatifs Locaux pour t\u00e9moigner sur la participation des enfants. A cette occasion, Michael RAMALHOSA, directeur de lAssociation a pr\u00e9sent\u00e9 la, et la place laiss\u00e9e aux enfants lors de lAssembl\u00e9e G\u00e9n\u00e9rale pour exposer leur propre rapport dactivit\u00e9s. Merci \u00e0 tous les enfants, animateurs, enseignants, \u00e9lus, parents, b\u00e9n\u00e9voles qui ont rendu possible ces exp\u00e9riences! Ainsi, depuis les premi\u00e8res lois de d\u00e9centralisation, la commune est, face \u00e0 ces enjeux, devenue lacteur pivot : du fait des comp\u00e9tences obligatoires qui sont les siennes mais aussi, au m\u00eame titre que l\u00e9cole, elle est devenue le lieu de convergence de toutes les questions li\u00e9es \u00e0 lexercice de la citoyennet\u00e9 et du projet r\u00e9publicain. La commune a une place toute particuli\u00e8re. Elle est l\u00e9gitime pour associer, coordonner lensemble des acteurs pour mener et animer une politique \u00e9ducative sur son territoire, lieu de vie et dint\u00e9gration des enfants et de leurs familles. Cest v\u00e9ritablement \u00e0 cette \u00e9chelle que lon peut construire, dune part, une continuit\u00e9 \u00e9ducative et, dautre part, favoriser des convergences \u00e9ducatives. La FFMJC publie des articles, des \u00e9tudes, etc. Qui peuvent int\u00e9resser les directeurs et autres salari\u00e9s de MJC ou dautres associations d\u00e9ducation populaire Venez visiter des entreprises, nous rencontrer sur les salons ou participer \u00e0 nos r\u00e9unions de travail au moyen de t\u00e9moignages dentrepreneurs b\u00e9n\u00e9voles. Aujourdhui cette mise en r\u00e9seau est vivante sur comme le d\u00e9crit cet novembre 2016. <img decoding=\"async\" src=\"http:\/\/cancermotisys.eu\/img\/1a5da1c682e02b1e6c485ddc5db10214.jpg\" alt=\"rencontre pel brest\" align=\"center\"> 7\u00e8 rencontres nationales des projets \u00e9ducatifs locaux Le th\u00e8me abord\u00e9 sera le psoriasis, affection cutan\u00e9e qui touche environ 2 de la population g\u00e9n\u00e9rale. Alors que le PSG pourrait faire une folie pour Eden Hazard, le dossier David..  <img decoding=\"async\" src=\"http:\/\/www.advapter.cf\/media\/02\/00\/685444785.JPG\" alt=\"rencontre pel brest\" align=\"left\"> LE 18 Janvier 2006 \u00e0 Brest-Discours douverture dAllain JOUIS Vainqueur samedi 3-2 sur la pelouse de Dijon, lOlympique de Marseille a encha\u00een\u00e9.. Nous avons atteint un palier concernant le d\u00e9veloppement des PEL. Aujourdhui, les collectivit\u00e9s, les associations ont besoin de voir leur r\u00f4le \u00e9ducatif l\u00e9gitim\u00e9. Elles demandent quun espace national de dialogue soit enfin cr\u00e9\u00e9 entre lEtat, les collectivit\u00e9s et les associations. Depuis, les projets se sont multipli\u00e9s, enrichis. Le succ\u00e8s de ces rencontres nationales t\u00e9moignent de la reconnaissance dune action \u00e9ducative men\u00e9e au plus pr\u00e8s des territoires de vie, sest-il f\u00e9licit\u00e9.  les p\u00e9riscolaires Bilan de la concertation sur le PEDT J www.ville-cergy.fr Sommaire 1. Pr\u00e9ambule 4 2. Le cadre de la d\u00e9marche 5 2.1. Les objectifs 6 2.2. Les sujets du d\u00e9bat 6 2.3. Le d\u00e9roul\u00e9 de la d\u00e9marche <img decoding=\"async\" src=\"http:\/\/jf-eu-cdn.justfab.com\/image\/site\/global\/view\/home\/unlogged\/2017\/casual\/editorial_Shop_LP_header.jpg\" alt=\"rencontre pel brest\" align=\"center\"> A partir de 20h, suivez le match du VAFC \u00c3 Brest en Live-Tweet! Interagissez avec nous sur Twitter avec le hashtag SB29VAFC!  Le derby opposant lOlympique Lyonnais \u00e0 lAS Saint-Etienne ce samedi sera plac\u00e9.. Observatoire PoLoc \u00c9cole normale sup\u00e9rieure de Lyon Institut Fran\u00e7ais de l\u00c9ducation 15 parvis Ren\u00e9-Descartes BP7000, 69342 Lyon cedex 07.<\/p>\n","protected":false},"excerpt":{"rendered":"<p>rencontre pel brest<\/p>\n","protected":false},"author":1,"featured_media":0,"comment_status":"closed","ping_status":"closed","sticky":false,"template":"","format":"standard","meta":{"footnotes":""},"categories":[1],"tags":[],"_links":{"self":[{"href":"http:\/\/diariodeunaantropologa.com\/www\/wp-json\/wp\/v2\/posts\/4911"}],"collection":[{"href":"http:\/\/diariodeunaantropologa.com\/www\/wp-json\/wp\/v2\/posts"}],"about":[{"href":"http:\/\/diariodeunaantropologa.com\/www\/wp-json\/wp\/v2\/types\/post"}],"author":[{"embeddable":true,"href":"http:\/\/diariodeunaantropologa.com\/www\/wp-json\/wp\/v2\/users\/1"}],"replies":[{"embeddable":true,"href":"http:\/\/diariodeunaantropologa.com\/www\/wp-json\/wp\/v2\/comments?post=4911"}],"version-history":[{"count":1,"href":"http:\/\/diariodeunaantropologa.com\/www\/wp-json\/wp\/v2\/posts\/4911\/revisions"}],"predecessor-version":[{"id":4912,"href":"http:\/\/diariodeunaantropologa.com\/www\/wp-json\/wp\/v2\/posts\/4911\/revisions\/4912"}],"wp:attachment":[{"href":"http:\/\/diariodeunaantropologa.com\/www\/wp-json\/wp\/v2\/media?parent=4911"}],"wp:term":[{"taxonomy":"category","embeddable":true,"href":"http:\/\/diariodeunaantropologa.com\/www\/wp-json\/wp\/v2\/categories?post=4911"},{"taxonomy":"post_tag","embeddable":true,"href":"http:\/\/diariodeunaantropologa.com\/www\/wp-json\/wp\/v2\/tags?post=4911"}],"curies":[{"name":"wp","href":"https:\/\/api.w.org\/{rel}","templated":true}]}}