{"id":4691,"date":"2020-09-29T07:19:05","date_gmt":"2020-09-29T07:19:05","guid":{"rendered":"http:\/\/diariodeunaantropologa.com\/www\/?p=4691"},"modified":"2020-09-24T08:26:16","modified_gmt":"2020-09-24T08:26:16","slug":"salon-rencontres-de-jardin","status":"publish","type":"post","link":"http:\/\/diariodeunaantropologa.com\/www\/2020\/09\/29\/salon-rencontres-de-jardin\/","title":{"rendered":"Salon Rencontres De Jardin"},"content":{"rendered":"<p>Chaque semaine, la r\u00e9daction vous r\u00e9v\u00e8le les \u00e9v\u00e8nements incontournables et vous livre les bonnes adresses des Parisiennes. <img decoding=\"async\" src=\"http:\/\/img.over-blog-kiwi.com\/1020x765\/1\/52\/73\/29\/20171113\/ob_2053fa_1img-8924.jpg\" alt=\"salon rencontres de jardin\" align=\"center\"> Bain de soleil, transat, salon de jardin.. Votre petit coin de verdure \u00e0 lext\u00e9rieur a de quoi \u00eatre bien meubl\u00e9! Pour vous aider \u00e0 faire votre choix, C\u00f4t\u00e9 Maison a regroup\u00e9 les meilleures marques de mobilier de jardin. Du petit prix \u00e0 lultra chic, voici notre top 30 des marques d\u00e9di\u00e9es \u00e0 lameublement du jardin et de la terrasse Loc. Adj. De salon. Appropri\u00e9 \u00e0 lam\u00e9nagement dun salon. Lampe, mobilier, table de salon. Elle lan\u00e7a un mod\u00e8le de poup\u00e9e de salon qui fut \u00e0 la mode en 1922 Montherl, C\u00e9libataires, 1934, p 818. Mati\u00e8re de la structure : Aluminium-Mati\u00e8re du rev\u00eatement : Plastique-R\u00e9sine-Couleurs : Gris anthracite-Nombre de personnes : 10 personnes-Ensemble Table Et Chaise De Jardin Curabitur non nulla sit amet nisl tempus convallis quis ac lectus. Lorem ipsum dolor sit amet, consectetur adipiscing elit. 20h30 Film-D\u00e9bat Lettre \u00e0 G. Repenser notre soci\u00e9t\u00e9 avec Andr\u00e9 Gorz de Pierre-Jean Perrin Soupe et verre de lamiti\u00e9 offerts par \u00c9cologie au Quotidien Des visites qui ont permis d\u00e9changer sur la mise en \u0153uvre effective des mesures de protection sanitaire au quotidien et des difficult\u00e9s rencontr\u00e9es par ces artisans-commer\u00e7ants pour garantir la s\u00e9curit\u00e9 de leurs clients. Laventure de la bienveillance aux prises avec le quotidien  La 42\u00e8me f\u00eate des plantes et du jardin du Domaine de P\u00e9r\u00e9 aura bien lieu les13 et 14 juin 2020.Venez-vous d\u00e9tendre au Domaine de P\u00e9r\u00e9 et laissez-vous s\u00e9duire par lad\u00e9licatesse des formes.. Localisation : 79360 PRISS\u00c9-LA-CHARRI\u00c8RE Salon de lhabitat et de limmobilier de Dreux : septembre 2020  <img decoding=\"async\" src=\"http:\/\/img.over-blog.com\/300x225\/1\/35\/06\/93\/Bassins\/P1030720.JPG\" alt=\"salon rencontres de jardin\" align=\"left\"> <img decoding=\"async\" src=\"http:\/\/www.monquotidienautrement.com\/sites\/default\/files\/imagecache\/Illustration\/illustrations\/Rencontre%20des%20jardins.jpg\" alt=\"salon rencontres de jardin\" align=\"right\"> Roland Desbordes et Dani\u00e8le Persico, CRIIRAD Commission de Recherche et dInformation Ind\u00e9pendantes sur la Radioactivit\u00e9 Sortir du Aucun ingr\u00e9dient de remplissage, tous les ingr\u00e9dients servent la peau efficacement et puissamment On a pens\u00e9 \u00e0 tout pour lentretien de vos gazons et pelouses : tondeuses, motoculteurs, tracteurs, remorques Vos espaces verts vous remercieront! 42\u00e9me F\u00caTE DES PLANTES ET DU JARDIN Samedi et Dimanche 13 et 14 Juin 2020 Comme dhabitude la f\u00eate des plantes accueille plus de 100 exposants de qualit\u00e9 Le port du masque et lutilisation de gel hydroalcoolique sont obligatoires ainsi que le respect des gestes barri\u00e8res Un sens de circulation parcours fl\u00e9ch\u00e9 est mise en place Pour la nature opter pour un masque renouvelable Javascript doit \u00eatre activ\u00e9 dans votre navigateur pour utiliser toutes les fonctionnalit\u00e9s de ce site. Patrick Viveret, philosophe, magistrat \u00e0 la Cour des Comptes ven 18h .<\/p>\n","protected":false},"excerpt":{"rendered":"<p>salon rencontres de jardin<\/p>\n","protected":false},"author":1,"featured_media":0,"comment_status":"closed","ping_status":"closed","sticky":false,"template":"","format":"standard","meta":{"footnotes":""},"categories":[1],"tags":[],"_links":{"self":[{"href":"http:\/\/diariodeunaantropologa.com\/www\/wp-json\/wp\/v2\/posts\/4691"}],"collection":[{"href":"http:\/\/diariodeunaantropologa.com\/www\/wp-json\/wp\/v2\/posts"}],"about":[{"href":"http:\/\/diariodeunaantropologa.com\/www\/wp-json\/wp\/v2\/types\/post"}],"author":[{"embeddable":true,"href":"http:\/\/diariodeunaantropologa.com\/www\/wp-json\/wp\/v2\/users\/1"}],"replies":[{"embeddable":true,"href":"http:\/\/diariodeunaantropologa.com\/www\/wp-json\/wp\/v2\/comments?post=4691"}],"version-history":[{"count":1,"href":"http:\/\/diariodeunaantropologa.com\/www\/wp-json\/wp\/v2\/posts\/4691\/revisions"}],"predecessor-version":[{"id":4692,"href":"http:\/\/diariodeunaantropologa.com\/www\/wp-json\/wp\/v2\/posts\/4691\/revisions\/4692"}],"wp:attachment":[{"href":"http:\/\/diariodeunaantropologa.com\/www\/wp-json\/wp\/v2\/media?parent=4691"}],"wp:term":[{"taxonomy":"category","embeddable":true,"href":"http:\/\/diariodeunaantropologa.com\/www\/wp-json\/wp\/v2\/categories?post=4691"},{"taxonomy":"post_tag","embeddable":true,"href":"http:\/\/diariodeunaantropologa.com\/www\/wp-json\/wp\/v2\/tags?post=4691"}],"curies":[{"name":"wp","href":"https:\/\/api.w.org\/{rel}","templated":true}]}}