{"id":4645,"date":"2020-09-29T13:54:41","date_gmt":"2020-09-29T13:54:41","guid":{"rendered":"http:\/\/diariodeunaantropologa.com\/www\/?p=4645"},"modified":"2020-09-24T06:41:04","modified_gmt":"2020-09-24T06:41:04","slug":"rencontre-entre-protestant","status":"publish","type":"post","link":"http:\/\/diariodeunaantropologa.com\/www\/2020\/09\/29\/rencontre-entre-protestant\/","title":{"rendered":"Rencontre Entre Protestant"},"content":{"rendered":"<p>Mais comment? Devez-vous attendre votre rencontre protestante au coin de la rue, dans votre \u00e9glise, au hasard dune soir\u00e9e entre amis? Pourquoi ne pas envisager linscription sur un site de rencontre protestant? Au fil des ans, de plus en plus damis, de cousins, ont eu la joie de rencontrer leur conjoint sur un tel site et vivent leur union fond\u00e9e sur le Roc. L\u00c9ternel, ton Dieu, est avec toi dans tout ce que tu entreprendras. Sophie Zentz-Amedro : Ensuite, au fil des si\u00e8cles, les femmes ayant acc\u00e8s \u00e0 lenseignement, ont eu les m\u00eames dipl\u00f4mes que les hommes, les demandes pour devenir pasteur se sont fait plus pressantes. More information about this error may be available Le th\u00e8me choisi pour lann\u00e9e 2018-2019 est le livre des Actes des ap\u00f4tres. <img decoding=\"async\" src=\"http:\/\/static.hitek.fr\/img\/actualite\/2015\/10\/23\/w_sauron.jpg\" alt=\"rencontre entre protestant\" align=\"left\"> Vous pourrez alors vous rencontrer rapidement en un lieu de votre choix apr\u00e8s avoir pris contact par t\u00e9l\u00e9phone ou par mail. <img decoding=\"async\" src=\"http:\/\/media.medias-presse.info\/wp-content\/uploads\/2014\/09\/mgr_reinhard_marx-comece-ue-mpi-300x143.jpg\" alt=\"rencontre entre protestant\" align=\"center\"> Aujourdhui il ny a pas de diff\u00e9rences de doctrine mais seulement de styles. Sur la mani\u00e8re de comprendre lautorit\u00e9 dans lEglise: les luth\u00e9riens sont plus attach\u00e9s \u00e0 la figure de l\u00e9quivalent de l\u00e9v\u00eaque-appel\u00e9 inspecteur eccl\u00e9siastique parce que Napol\u00e9on na pas voulu quil sappelle \u00e9v\u00eaque-alors que les r\u00e9form\u00e9s sont plus attentifs \u00e0 la dimension des coll\u00e8ges et assembl\u00e9es \u00e9lues. Il y a des diff\u00e9rences de styles liturgiques. Pendant nous avons deux temps de d\u00e9bats forts: lun sur la mani\u00e8re de c\u00e9l\u00e9brer la liturgie dordination des pasteurs et nous avons constat\u00e9 une diff\u00e9rence luth\u00e9rienne et r\u00e9form\u00e9e ; lautre sur la fin de vie et bien malin celui qui aurait pu dire qui \u00e9tait luth\u00e9rien et r\u00e9form\u00e9 dans les prises de positions  venus les \u00e9glises \u00e9vang\u00e9liques, les pentec\u00f4tistes, les Merci pour votre inscription, nous vous enverrons les informations de mise \u00e0 jour pour la soci\u00e9t\u00e9 \u00e0 ladresse. La, le 31 octobre ou, \u00e0 d\u00e9faut, le dimanche pr\u00e9c\u00e9dent, comm\u00e9morant laffichage des de ; Conf\u00e9rence de la Librairie Jean Calvin Institut Biblique de Nogent, Nogent sur Marne avec Marie-Claude Barbier-Mosimann. En 1802, Napol\u00e9on cr\u00e9e les consistoires protestants et, en 1808, apr\u00e8s la r\u00e9union dune assembl\u00e9e de rabbins qui admettent la primaut\u00e9 de la loi commune sur la loi juive Grand Sanh\u00e9drin, les consistoires isra\u00e9lites. 1787 En France, un \u00e9dit accorde l\u00e9tat civil aux protestants 29 novembre. Actes 9.1-22, 1 Corinthiens 15.1-11, 2 Corinthiens 11.18-32, Galates 1.11-24 Dans le contexte de l\u00e9pid\u00e9mie de coronavirus covid-19, la collecte de sang doit se poursuivre pour.. Les protestants ces mals aim\u00e9s de la R\u00e9publique. Cest bien den parler. Les catholiques et le rapport \u00e0 largent ont souvent mis de c\u00f4t\u00e9 les protestants. Cest en sappuyant sur ce fond de valeurs communes et dEsp\u00e9rance que peuvent s\u00e9panouir les sentiments humains : de la cordialit\u00e9 \u00e0 lamiti\u00e9, de laffection \u00e0 lamour.  <img decoding=\"async\" src=\"http:\/\/www.arvidvandersson.tk\/Public\/Files\/__Uploads\/images\/nuit-de-bakelite-osmoz-fragrance-parfum-naomi-goodsir.jpg\" alt=\"rencontre entre protestant\" align=\"left\"> 8 mars : Le Christ, visage de Dieu? Un Dieu qui se fait proche Au fil de lEvangile de Jean Faute de pouvoir tenir sa Convention nationale, la F\u00e9d\u00e9ration baptiste organise dimanche 24 mai un culte en ligne, avec la participation de Denis Mukwege. Le pape Fran\u00e7ois a soulign\u00e9 les progr\u00e8s accomplis depuis Le rendez-vous Protestants en f\u00eate prend ses quartiers \u00e0 Strasbourg du vendredi 27 au dimanche 29 octobre. L\u00e9v\u00e9nement est religieux mais une large part de son programme sadresse au grand public \u00e0 loccasion des 500 ans de la R\u00e9forme, la naissance du protestantisme. En 1536, le protestantisme prend un souffle nouveau avec le passage \u00e0 la R\u00e9forme de la ville de Gen\u00e8ve, o\u00f9 va sexercer le minist\u00e8re de Jean Calvin 1509-1564, un Fran\u00e7ais chass\u00e9 de son pays. .<\/p>\n","protected":false},"excerpt":{"rendered":"<p>rencontre entre protestant<\/p>\n","protected":false},"author":1,"featured_media":0,"comment_status":"closed","ping_status":"closed","sticky":false,"template":"","format":"standard","meta":{"footnotes":""},"categories":[1],"tags":[],"_links":{"self":[{"href":"http:\/\/diariodeunaantropologa.com\/www\/wp-json\/wp\/v2\/posts\/4645"}],"collection":[{"href":"http:\/\/diariodeunaantropologa.com\/www\/wp-json\/wp\/v2\/posts"}],"about":[{"href":"http:\/\/diariodeunaantropologa.com\/www\/wp-json\/wp\/v2\/types\/post"}],"author":[{"embeddable":true,"href":"http:\/\/diariodeunaantropologa.com\/www\/wp-json\/wp\/v2\/users\/1"}],"replies":[{"embeddable":true,"href":"http:\/\/diariodeunaantropologa.com\/www\/wp-json\/wp\/v2\/comments?post=4645"}],"version-history":[{"count":1,"href":"http:\/\/diariodeunaantropologa.com\/www\/wp-json\/wp\/v2\/posts\/4645\/revisions"}],"predecessor-version":[{"id":4646,"href":"http:\/\/diariodeunaantropologa.com\/www\/wp-json\/wp\/v2\/posts\/4645\/revisions\/4646"}],"wp:attachment":[{"href":"http:\/\/diariodeunaantropologa.com\/www\/wp-json\/wp\/v2\/media?parent=4645"}],"wp:term":[{"taxonomy":"category","embeddable":true,"href":"http:\/\/diariodeunaantropologa.com\/www\/wp-json\/wp\/v2\/categories?post=4645"},{"taxonomy":"post_tag","embeddable":true,"href":"http:\/\/diariodeunaantropologa.com\/www\/wp-json\/wp\/v2\/tags?post=4645"}],"curies":[{"name":"wp","href":"https:\/\/api.w.org\/{rel}","templated":true}]}}