{"id":4441,"date":"2020-09-29T10:44:26","date_gmt":"2020-09-29T10:44:26","guid":{"rendered":"http:\/\/diariodeunaantropologa.com\/www\/?p=4441"},"modified":"2020-09-23T22:18:33","modified_gmt":"2020-09-23T22:18:33","slug":"rencontre-parlementaire","status":"publish","type":"post","link":"http:\/\/diariodeunaantropologa.com\/www\/2020\/09\/29\/rencontre-parlementaire\/","title":{"rendered":"Rencontre Parlementaire"},"content":{"rendered":"<p>The fi rst Eu rop ean parliamentary sym pos ium o n drug counterfeiting.. Les d\u00e9bats des \u00c9tats g\u00e9n\u00e9raux de lalimentation ont abouti \u00e0 une loi et des ordonnances. Celles-ci ne sont pas encore entr\u00e9es en vigueur, pour la profession il est primordial quelles soient appliqu\u00e9es d\u00e8s le 1er janvier 2019. Le co\u00fbt de production sera alors pris en compte dans la r\u00e9mun\u00e9ration de lagriculteur. Cr\u00e9ation dune brigade antiloup Massif Central <img decoding=\"async\" src=\"http:\/\/www.draley.cf\/wp-content\/uploads\/2017\/12\/fidji.jpg\" alt=\"rencontre parlementaire\" align=\"center\"> Salle Victor Hugo, Immeuble Jacques Chaban-Delmas, 101, rue de lUniversit\u00e9 75007 Paris France et, sur LExpress.fr, 12 octobre 2013 consult\u00e9 le 1 er d\u00e9cembre 2019 Rencontre avec le secr\u00e9taire parlementaire des finances au Japon faveur d\u00e9volutions telles que le mariage pour tous ou la d\u00e9fense Apr\u00e8s une courte pr\u00e9sentation des missions consulaires et de d\u00e9veloppement de la Chambre, les \u00e9lus sont rapidement entr\u00e9s dans le vif du sujet. Tout dabord, lalerte a \u00e9t\u00e9 donn\u00e9e sur la signature des accords de libre-\u00e9change que sont le CETA UE-Canada et le Mercosur UE pays dAm\u00e9rique du Sud. Bien que le CETA soit ratifi\u00e9 depuis plus de 2 ans, des discussions sont toujours en cours et son application fragilise les march\u00e9s, notamment celui des c\u00e9r\u00e9ales. Les produits canadiens ne respectant pas les m\u00eames normes phytosanitaires que les produits fran\u00e7ais, nos c\u00e9r\u00e9ales se retrouvent en distorsion de concurrence directe avec celles du continent am\u00e9ricain. Avec le Mercosur, cest la fili\u00e8re bovine qui sera impact\u00e9e, avec limportation massive en Europe de viande issue danimaux \u00e9lev\u00e9s dans des conditions tr\u00e8s \u00e9loign\u00e9es de nos standards fran\u00e7ais alimentation OGM, manque de tra\u00e7abilit\u00e9, utilisation dantibiotiques. Matignon, ce mercredi. Edouard Philippe avec les d\u00e9put\u00e9s et s\u00e9nateurs de Seine-Saint-Denis sur le perron de Matignon. DR <img decoding=\"async\" src=\"http:\/\/www.alharaka.ma\/fr\/wp-content\/uploads\/2017\/10\/laenser38.jpg\" alt=\"rencontre parlementaire\" align=\"right\"> <img decoding=\"async\" src=\"http:\/\/static.callebaut.org\/static\/vca\/images\/vincent\/exhibitions\/151014_rencontreparlementaire\/thumb\/rencontreparlementaire_pl002.jpg\" alt=\"rencontre parlementaire\" align=\"right\"> Que serait-il advenu, si, pour des raisons purement comptables, ce domaine de recherche avait \u00e9t\u00e9 sacrifi\u00e9 pour des raisons de rentabilit\u00e9 \u00e0 court-terme?  Lobjectif de cette action \u00e9tait dalerter les citoyens, les acteurs de fili\u00e8res, les \u00e9lus locaux et bien s\u00fbr les parlementaires, de la situation catastrophique dans laquelle se trouve lAgriculture fran\u00e7aise. 5 personnes ont ainsi r\u00e9pondu \u00e0 linvitation : JL BRICOUT, R. DOSIERE, C. COULON et deux repr\u00e9sentants de P. GRUGNY et A LEFEVRE. Au vu des liens entretenus avec les parlementaires du d\u00e9partement de lAisne et de la r\u00e9activit\u00e9 de ces derniers face \u00e0 linvitation envoy\u00e9e par le syndicat, les probl\u00e9matiques chroniques ont \u00e9t\u00e9 abord\u00e9es. Chaque responsable de dossier USAAJA que ce soit sur linstallation, la fili\u00e8re laiti\u00e8re, la fili\u00e8re viande, la fili\u00e8re betterave, les normes etou la fili\u00e8re l\u00e9gume, a fait \u00e9tat des lieux de la situation actuelle. Breiz cop un engagement collectif pour l\u00e9cologie  To achieve this, we give our best every day and try to make the world a better place! H\u00e9rault-BESSAN-Une rencontre parlementaire de qualit\u00e9 \u00e0 Bessan autour de la viticulture : Lind\u00e9capant Or, depuis 10 ans, la part de RD, en France, dans le P.I.B, stagne \u00e0 2,26, loin des 3 d\u00e9finis par la strat\u00e9gie de Lisbonne, des 2,9 de lAllemagne et des 4,4 de la Cor\u00e9e du Sud ou les 4 du Japon C. UN PROJET INSCRIT SUR LE LONG TERME, PARTAG\u00c9, IDENTIFI\u00c9, ET CO-CONSTRUIT PAR TOUS Au programme des \u00e9changes notamment : le partenariat strat\u00e9gique UE-Albanie, et la coop\u00e9ration parlementaire entre nos deux pays. Comme lavait r\u00e9v\u00e9l\u00e9 le dimanche 15 f\u00e9vrier, quatre parlementaires fran\u00e7ais PS, UMP et UDI sont en mission personnelle en Syrie depuis ce mardi. Nous y sommes, on fait une mission avec G\u00e9rard Bapt d\u00e9put\u00e9 PS de Haute-Garonne, pr\u00e9sident du groupe damiti\u00e9 France-Syrie \u00e0 lAssembl\u00e9e nationale, il y a Jean-Pierre Vial s\u00e9nateur UMP de Haute-Savoie, pr\u00e9sident du groupe damiti\u00e9 France-Syrie au S\u00e9nat et Fran\u00e7ois Zocchetto s\u00e9nateur UDI de la Mayenne, pr\u00e9sident du groupe UDI-UC, membre du groupe France-Syrie au S\u00e9nat, a d\u00e9clar\u00e9 \u00e0 lAFP Jacques Myard, qui se trouve actuellement en Syrie. Attention to the death and disability that can result from childbirth. Le 6 juillet 2019, le ministre des Affaires \u00e9trang\u00e8res et europ\u00e9ennes Jean Asselborn a rencontr\u00e9 les membres de lAssembl\u00e9e parlementaire de lOrganisation pour la s\u00e9curit\u00e9 et la coop\u00e9ration en Europe OSCE \u00e0 lAbbaye de Neum\u00fcnster, \u00e0 loccasion de leur 28e session annuelle qui se tient du 4 au 8 juillet au Grand-Duch\u00e9. Address to t he 1 3em e rencontres p arl ementaires, c haire d by F renc h parliamentarians J ean-Mich el Boucheron.. Les temps forts du discours dEmmanuel Macron par ordre chronologique Valentin Merou pr\u00e9sente le CCNAF : Comit\u00e9 Consultatif National des Autistes de France  PSQ : le Pr\u00e9fet de Police Michel Delpuech rencontre les maires et parlementaires La Police de S\u00e9curit\u00e9 du Quotidien Actualit\u00e9s Accueil-Les services de l\u00c9tat dans le Val de Marne Ce film suit et ses \u00e9quipes dans leurs missions de contr\u00f4le de deux h\u00f4pitaux psychiatriques et dune prison.<\/p>\n","protected":false},"excerpt":{"rendered":"<p>rencontre parlementaire<\/p>\n","protected":false},"author":1,"featured_media":0,"comment_status":"closed","ping_status":"closed","sticky":false,"template":"","format":"standard","meta":{"footnotes":""},"categories":[1],"tags":[],"_links":{"self":[{"href":"http:\/\/diariodeunaantropologa.com\/www\/wp-json\/wp\/v2\/posts\/4441"}],"collection":[{"href":"http:\/\/diariodeunaantropologa.com\/www\/wp-json\/wp\/v2\/posts"}],"about":[{"href":"http:\/\/diariodeunaantropologa.com\/www\/wp-json\/wp\/v2\/types\/post"}],"author":[{"embeddable":true,"href":"http:\/\/diariodeunaantropologa.com\/www\/wp-json\/wp\/v2\/users\/1"}],"replies":[{"embeddable":true,"href":"http:\/\/diariodeunaantropologa.com\/www\/wp-json\/wp\/v2\/comments?post=4441"}],"version-history":[{"count":1,"href":"http:\/\/diariodeunaantropologa.com\/www\/wp-json\/wp\/v2\/posts\/4441\/revisions"}],"predecessor-version":[{"id":4442,"href":"http:\/\/diariodeunaantropologa.com\/www\/wp-json\/wp\/v2\/posts\/4441\/revisions\/4442"}],"wp:attachment":[{"href":"http:\/\/diariodeunaantropologa.com\/www\/wp-json\/wp\/v2\/media?parent=4441"}],"wp:term":[{"taxonomy":"category","embeddable":true,"href":"http:\/\/diariodeunaantropologa.com\/www\/wp-json\/wp\/v2\/categories?post=4441"},{"taxonomy":"post_tag","embeddable":true,"href":"http:\/\/diariodeunaantropologa.com\/www\/wp-json\/wp\/v2\/tags?post=4441"}],"curies":[{"name":"wp","href":"https:\/\/api.w.org\/{rel}","templated":true}]}}