{"id":10316,"date":"2020-10-13T10:55:47","date_gmt":"2020-10-13T10:55:47","guid":{"rendered":"http:\/\/diariodeunaantropologa.com\/www\/?p=10316"},"modified":"2020-10-04T00:56:56","modified_gmt":"2020-10-04T00:56:56","slug":"rencontre-annuelle-des-musulman-de-france-2013","status":"publish","type":"post","link":"http:\/\/diariodeunaantropologa.com\/www\/2020\/10\/13\/rencontre-annuelle-des-musulman-de-france-2013\/","title":{"rendered":"Rencontre Annuelle Des Musulman De France 2013"},"content":{"rendered":"<p>Par lIned aupr\u00e8s de lensemble des femmes depuis 1978. Les Bien \u00e9videmment, certains sauront de qui je parle, dautres pas. Mais ce nest pas limportance. Je ne parle que du fond, pas de la forme. Je ne dis pas quil doit malgr\u00e9 tout sy pr\u00e9senter ce soir, car dans tous les cas, il a annul\u00e9, cest bien comme \u00e7a et il ne risque pas de revoir sa d\u00e9cision, et la raison quil a \u00e9voqu\u00e9 concernant lannulation de sa pr\u00e9sence \u00e0 cet \u00e9v\u00e8nement est on ne peut plus logique. Je me demande simplement si cette question peut \u00eatre pos\u00e9e dans ce cas. Je ne cherche pas \u00e0 avoir lavis de fr\u00e8res ou de s\u0153urs, ici. Uniquement lavis de personnes ayant suffisamment de science pour pouvoir \u00e9claircir ce sujet. Cela me para\u00eet quelque peu confus, m\u00eame si je nai aucun doute que la d\u00e9cision du professeurpr\u00e9dicateur est la meilleure quil ait pu prendre. <img decoding=\"async\" src=\"http:\/\/img.bfmtv.com\/i\/0\/0\/c07\/5b467758730a9b2d8b5f6fc841212.jpg\" alt=\"rencontre annuelle des musulman de france 2013\" align=\"left\"> <img decoding=\"async\" src=\"http:\/\/www.ikhwan.whoswho\/wp-content\/uploads\/2017\/10\/21272415_1500494033337251_1665489281832047558_n-2.jpg\" alt=\"rencontre annuelle des musulman de france 2013\" align=\"center\"> Je parlerai de ce qui ma amen\u00e9 \u00e0 mengager dans le dialogue islamo chr\u00e9tien. Dans mon enfance, plus japprenais de ma propre foi et plus jessayais de comprendre la foi de lautre. Ce quil y avait de fort se produisait \u00e0 travers les amiti\u00e9s sinc\u00e8res v\u00e9cues avec des musulmans. Tr\u00e8s t\u00f4t, jai eu le go\u00fbt de la diff\u00e9rence, de conna\u00eetre et comprendre ceux qui ne sont pas comme moi. Je me suis souvent retrouv\u00e9 le seul chr\u00e9tien parmi des musulmans, au travail comme dans ma mission danimation effectu\u00e9e durant cinq ans. Ce sont toutes ces rencontres qui mont donn\u00e9es envie daller plus loin et de mengager dans un service dEglise.   Il a aussi rappel\u00e9 que lUOIF allait officiellement laisser place au cours du salon, \u00e0 son nouveau nom adopt\u00e9 en f\u00e9vrier: Musulmans de France. A Aulnay, nous organisons avec la communaut\u00e9 musulmane une rencontre par an autour dun th\u00e8me que nous choisissons ensemble dans nos deux traditions. Nous avons d\u00e9j\u00e0 abord\u00e9 les th\u00e8mes suivants : la solidarit\u00e9, les rites fun\u00e9raires, le p\u00e8lerinage. De plus, nous sommes invit\u00e9s \u00e0 la mosqu\u00e9e dans les grandes f\u00eates musulmane comme lA\u00efd. Ces \u00e9changes nous permettent de mieux nous conna\u00eetre, de construire des liens damiti\u00e9s et de promouvoir ce type de rencontres et de dialogue dans notre ville. Ce qui permet aussi d\u00eatre unis sur les grandes questions de soci\u00e9t\u00e9. Nous avons \u00e9galement des rencontres avec la communaut\u00e9 juive. Mesurer les variations de la mortalit\u00e9. Les d\u00e9c\u00e8s par sexe et Chaque matin \u00e0 8 heures, recevez lessentiel de lactualit\u00e9 pour bien d\u00e9marrer la journ\u00e9e 42 Didier Fassin, \u00c9ric Fassin, De la question sociale \u00e0 la question raciale? Repr\u00e9senter la soci\u00e9t\u00e9 f La Seine-Saint-Denis, premier d\u00e9partement de France m\u00e9tropolitaine pour lislam confessionnel Acc\u00e8s illimit\u00e9 \u00e0 tous les contenus payants sur tous vos \u00e9crans Je mabonne \u00e0 partir de 1 <img decoding=\"async\" src=\"http:\/\/cdn.sandals.com\/sandals\/v11\/media\/shc\/accommodations\/medium\/shc-245-medium.jpg\" alt=\"rencontre annuelle des musulman de france 2013\" align=\"right\"> En cons\u00e9quence, la population actuelle repr\u00e9sente \u00e0 peine 6 du nombre total d\u00eatres humains ayant v\u00e9cu sur Terre. 13LUAM 93 a \u00e9labor\u00e9 une l\u00e9gitimit\u00e9 en prenant un r\u00f4le dinterm\u00e9diaire entre associations musulmanes locales, \u00e9lus et repr\u00e9sentants locaux de l\u00c9tat en novembre 2005, elle participe \u00e0 une d\u00e9l\u00e9gation aupr\u00e8s de Nicolas Sarkozy. Pour les \u00e9lus, lassociation est une opportunit\u00e9 dentretenir des relations avec des acteurs \u00e9clat\u00e9s : \u00c9lisabeth Pochon, candidate PS dans la 8 e circonscription, la remerciait d\u00eatre le lien entre nous tous. LUAM 93 se pr\u00e9sente, en effet, comme une plateforme dassociations municipales visant \u00e0 promouvoir lislam confessionnel dans le d\u00e9bat public, \u00e0 v\u00e9hiculer les valeurs de l islam identitaire et \u00e0 peser dans les d\u00e9bats religieux. Elle a marqu\u00e9 son ind\u00e9pendance vis-\u00e0-vis des f\u00e9d\u00e9rations nationales, des pays dorigine et en faisant place \u00e0 toutes les sensibilit\u00e9s. Elle a \u00e9largi son audience et a diversifi\u00e9 ses actions dans les domaines politique, \u00e9conomique et religieux.  Les musulmans de France, entre affirmation identitaire et inqui\u00e9tudes M.L.: Lors de l\u00e9clatement de laffaire qui avait oppos\u00e9 le lyc\u00e9e Averro\u00e8s \u00e0 un professeur de philosophie, en f\u00e9vrier 2015, Amar Lasfar, le pr\u00e9sident de lUOIF avait d\u00e9clar\u00e9 face \u00e0 la cam\u00e9ra de France T\u00e9l\u00e9vision que lUOIF na aucun lien avec les Fr\u00e8res musulmans. Un an plus tard, presque jour pour jour, Mohamed Karrat, lun des lieutenants fid\u00e8les dAmar Lasfar et qui est aussi recteur de la mosqu\u00e9e de Villeneuve dAscq, cadre responsable de la Ligue Islamique du Nord et professeur au lyc\u00e9e Averro\u00e8s, a d\u00e9clar\u00e9 lors dun court discours, en fran\u00e7ais, devant des fid\u00e8les, ce vendredi 5 f\u00e9vrier, que derri\u00e8re lattaque qua subi le 9\u00e8me RAMN pr\u00e9vu \u00e0 Lille, cest lUOIF qui est vis\u00e9. Il a dit: LUOIF est accus\u00e9e d\u00eatre des Fr\u00e8res musulmans, et \u00e7a, personne ne sen cache. Nous ne cachons pas notre identit\u00e9. Nous en sommes fiers Ainsi, lun dit quil ny a pas de lien entre lUOIF et les Fr\u00e8res musulmans et se permet dattaquer en justice ses contradicteurs pour diffamation. Un an plus tard, lUOIF affirme son identit\u00e9 fr\u00e9riste publiquement. Voici un exemple \u00e9clatant de ce double-discours presque banal. Je consid\u00e8re quau-del\u00e0 du double discours, il y a un discours en arabe et un autre en fran\u00e7ais. Les Fr\u00e8res musulmans semploient depuis le d\u00e9but des ann\u00e9es 1980, sur le vieux contient \u00e0 acqu\u00e9rir divers territoires priv\u00e9s pour inscrire, dans la dur\u00e9e, leur r\u00e9cit islamiste comme \u00e9l\u00e9ment du r\u00e9cit national de chaque pays de lEurope. Du territoire consacr\u00e9s \u00e0 lagriculture peri-urbaine et aux espaces verts suivez les informations en temps r\u00e9el et acc\u00e9dez \u00e0 nos analyses de lactualit\u00e9.<\/p>\n","protected":false},"excerpt":{"rendered":"<p>rencontre annuelle des musulman de france 2013<\/p>\n","protected":false},"author":1,"featured_media":0,"comment_status":"closed","ping_status":"closed","sticky":false,"template":"","format":"standard","meta":{"footnotes":""},"categories":[1],"tags":[],"_links":{"self":[{"href":"http:\/\/diariodeunaantropologa.com\/www\/wp-json\/wp\/v2\/posts\/10316"}],"collection":[{"href":"http:\/\/diariodeunaantropologa.com\/www\/wp-json\/wp\/v2\/posts"}],"about":[{"href":"http:\/\/diariodeunaantropologa.com\/www\/wp-json\/wp\/v2\/types\/post"}],"author":[{"embeddable":true,"href":"http:\/\/diariodeunaantropologa.com\/www\/wp-json\/wp\/v2\/users\/1"}],"replies":[{"embeddable":true,"href":"http:\/\/diariodeunaantropologa.com\/www\/wp-json\/wp\/v2\/comments?post=10316"}],"version-history":[{"count":1,"href":"http:\/\/diariodeunaantropologa.com\/www\/wp-json\/wp\/v2\/posts\/10316\/revisions"}],"predecessor-version":[{"id":10317,"href":"http:\/\/diariodeunaantropologa.com\/www\/wp-json\/wp\/v2\/posts\/10316\/revisions\/10317"}],"wp:attachment":[{"href":"http:\/\/diariodeunaantropologa.com\/www\/wp-json\/wp\/v2\/media?parent=10316"}],"wp:term":[{"taxonomy":"category","embeddable":true,"href":"http:\/\/diariodeunaantropologa.com\/www\/wp-json\/wp\/v2\/categories?post=10316"},{"taxonomy":"post_tag","embeddable":true,"href":"http:\/\/diariodeunaantropologa.com\/www\/wp-json\/wp\/v2\/tags?post=10316"}],"curies":[{"name":"wp","href":"https:\/\/api.w.org\/{rel}","templated":true}]}}